{"id":1206,"date":"2014-10-13T20:21:37","date_gmt":"2014-10-13T18:21:37","guid":{"rendered":"http:\/\/www.grimann.de\/?p=1206"},"modified":"2014-10-13T20:28:11","modified_gmt":"2014-10-13T18:28:11","slug":"revierkunst-2014-bochum","status":"publish","type":"post","link":"https:\/\/www.grimann.de\/pl\/revierkunst-2014-bochum\/","title":{"rendered":"Revierkunst 2014 &#8211; Bochum"},"content":{"rendered":"<p class=\"qtranxs-available-languages-message qtranxs-available-languages-message-pl\">Przepraszamy, ten wpis jest dost\u0119pny tylko w j\u0119zyku <a href=\"https:\/\/www.grimann.de\/de\/wp-json\/wp\/v2\/posts\/1206\" class=\"qtranxs-available-language-link qtranxs-available-language-link-de\" title=\"Deutsch\">Deutsch<\/a>. For the sake of viewer convenience, the content is shown below in the alternative language. You may click the link to switch the active language.<\/p><p>F\u00fcr ein Wochenende einmal im Jahr pr\u00e4sentiert die <a href=\"http:\/\/revierkunst.com\/\" target=\"_blank\">Revierkunst <\/a>ausgew\u00e4hlte Arbeiten von herausragenden K\u00fcnstlern aus dem Ruhrgebiet. Und ein paar Gastk\u00fcnstler sind dazu auch zugelassen. Diesmal bin ich einer der Auserw\u00e4hlten, was mich froh und stolz macht.<br \/>\nStandort f\u00fcr die Revierkunst 2014 ist die Stadt Bochum. Im spannenden und stimmungsvollen Ambiente der Rotunde treffen K\u00fcnstler, Sammler, Galeristen und kunstinteressiertes Publikum aufeinander. <\/p>\n<p>Revierkunst 2014<\/p>\n<p> Rotunde, ehemaliger Katholikentagsbahnhof, Bochum<\/p>\n<p> Samstag, 8.11.2014 bis Sonntag, 9.11.2014 <\/p>\n<p><img loading=\"lazy\" decoding=\"async\" src=\"http:\/\/www.grimann.de\/wp-content\/uploads\/2014\/10\/PA132623-460x614.jpg\" alt=\"OLYMPUS DIGITAL CAMERA\" width=\"460\" height=\"614\" class=\"alignleft size-large wp-image-1214\" srcset=\"https:\/\/www.grimann.de\/wp-content\/uploads\/2014\/10\/PA132623-460x614.jpg 460w, https:\/\/www.grimann.de\/wp-content\/uploads\/2014\/10\/PA132623-300x400.jpg 300w, https:\/\/www.grimann.de\/wp-content\/uploads\/2014\/10\/PA132623-112x150.jpg 112w, https:\/\/www.grimann.de\/wp-content\/uploads\/2014\/10\/PA132623-225x300.jpg 225w, https:\/\/www.grimann.de\/wp-content\/uploads\/2014\/10\/PA132623.jpg 1200w\" sizes=\"auto, (max-width: 460px) 100vw, 460px\" \/><\/p>\n<p><img loading=\"lazy\" decoding=\"async\" src=\"http:\/\/www.grimann.de\/wp-content\/uploads\/2014\/10\/PA132612-1-614x542.jpg\" alt=\"OLYMPUS DIGITAL CAMERA\" width=\"520\" height=\"459\" class=\"alignleft size-large wp-image-1216\" srcset=\"https:\/\/www.grimann.de\/wp-content\/uploads\/2014\/10\/PA132612-1-614x542.jpg 614w, https:\/\/www.grimann.de\/wp-content\/uploads\/2014\/10\/PA132612-1-300x264.jpg 300w, https:\/\/www.grimann.de\/wp-content\/uploads\/2014\/10\/PA132612-1-150x132.jpg 150w, https:\/\/www.grimann.de\/wp-content\/uploads\/2014\/10\/PA132612-1.jpg 1359w\" sizes=\"auto, (max-width: 520px) 100vw, 520px\" \/><\/p>","protected":false},"excerpt":{"rendered":"<p>Przepraszamy, ten wpis jest dost\u0119pny tylko w j\u0119zyku Deutsch. For the sake of viewer convenience, the content is shown below in the alternative language. You may click the link to switch the active language.F\u00fcr ein Wochenende einmal im Jahr pr\u00e4sentiert die Revierkunst ausgew\u00e4hlte Arbeiten von herausragenden K\u00fcnstlern aus dem Ruhrgebiet. Und ein paar Gastk\u00fcnstler sind [&hellip;]<\/p>\n","protected":false},"author":1,"featured_media":1182,"comment_status":"open","ping_status":"open","sticky":false,"template":"","format":"standard","meta":{"_exactmetrics_skip_tracking":false,"_exactmetrics_sitenote_active":false,"_exactmetrics_sitenote_note":"","_exactmetrics_sitenote_category":0,"ngg_post_thumbnail":0,"ocean_post_layout":"","ocean_both_sidebars_style":"","ocean_both_sidebars_content_width":0,"ocean_both_sidebars_sidebars_width":0,"ocean_sidebar":"","ocean_second_sidebar":"","ocean_disable_margins":"enable","ocean_add_body_class":"","ocean_shortcode_before_top_bar":"","ocean_shortcode_after_top_bar":"","ocean_shortcode_before_header":"","ocean_shortcode_after_header":"","ocean_has_shortcode":"","ocean_shortcode_after_title":"","ocean_shortcode_before_footer_widgets":"","ocean_shortcode_after_footer_widgets":"","ocean_shortcode_before_footer_bottom":"","ocean_shortcode_after_footer_bottom":"","ocean_display_top_bar":"default","ocean_display_header":"default","ocean_header_style":"","ocean_center_header_left_menu":"","ocean_custom_header_template":"","ocean_custom_logo":0,"ocean_custom_retina_logo":0,"ocean_custom_logo_max_width":0,"ocean_custom_logo_tablet_max_width":0,"ocean_custom_logo_mobile_max_width":0,"ocean_custom_logo_max_height":0,"ocean_custom_logo_tablet_max_height":0,"ocean_custom_logo_mobile_max_height":0,"ocean_header_custom_menu":"","ocean_menu_typo_font_family":"","ocean_menu_typo_font_subset":"","ocean_menu_typo_font_size":0,"ocean_menu_typo_font_size_tablet":0,"ocean_menu_typo_font_size_mobile":0,"ocean_menu_typo_font_size_unit":"px","ocean_menu_typo_font_weight":"","ocean_menu_typo_font_weight_tablet":"","ocean_menu_typo_font_weight_mobile":"","ocean_menu_typo_transform":"","ocean_menu_typo_transform_tablet":"","ocean_menu_typo_transform_mobile":"","ocean_menu_typo_line_height":0,"ocean_menu_typo_line_height_tablet":0,"ocean_menu_typo_line_height_mobile":0,"ocean_menu_typo_line_height_unit":"","ocean_menu_typo_spacing":0,"ocean_menu_typo_spacing_tablet":0,"ocean_menu_typo_spacing_mobile":0,"ocean_menu_typo_spacing_unit":"","ocean_menu_link_color":"","ocean_menu_link_color_hover":"","ocean_menu_link_color_active":"","ocean_menu_link_background":"","ocean_menu_link_hover_background":"","ocean_menu_link_active_background":"","ocean_menu_social_links_bg":"","ocean_menu_social_hover_links_bg":"","ocean_menu_social_links_color":"","ocean_menu_social_hover_links_color":"","ocean_disable_title":"default","ocean_disable_heading":"default","ocean_post_title":"","ocean_post_subheading":"","ocean_post_title_style":"","ocean_post_title_background_color":"","ocean_post_title_background":0,"ocean_post_title_bg_image_position":"","ocean_post_title_bg_image_attachment":"","ocean_post_title_bg_image_repeat":"","ocean_post_title_bg_image_size":"","ocean_post_title_height":0,"ocean_post_title_bg_overlay":0.5,"ocean_post_title_bg_overlay_color":"","ocean_disable_breadcrumbs":"default","ocean_breadcrumbs_color":"","ocean_breadcrumbs_separator_color":"","ocean_breadcrumbs_links_color":"","ocean_breadcrumbs_links_hover_color":"","ocean_display_footer_widgets":"default","ocean_display_footer_bottom":"default","ocean_custom_footer_template":"","ocean_post_oembed":"","ocean_post_self_hosted_media":"","ocean_post_video_embed":"","ocean_link_format":"","ocean_link_format_target":"self","ocean_quote_format":"","ocean_quote_format_link":"post","ocean_gallery_link_images":"on","ocean_gallery_id":[],"footnotes":""},"categories":[1,67],"tags":[142,141,144,146,145,147,143],"class_list":["post-1206","post","type-post","status-publish","format-standard","has-post-thumbnail","hentry","category-allgemein","category-art-2","tag-revierkunst","tag-revierkunst-2014","tag-revierkunst-2014-adam-grimann","tag-revierkunst-2014-bochum","tag-revierkunst-2014-grimann","tag-revierkunst-2014-herford","tag-revierkunst-bochum","entry","has-media","owp-thumbs-layout-horizontal","owp-btn-normal","owp-tabs-layout-horizontal","has-no-thumbnails","has-product-nav"],"yoast_head":"<!-- This site is optimized with the Yoast SEO plugin v27.4 - https:\/\/yoast.com\/product\/yoast-seo-wordpress\/ -->\n<title>atelier grimann melerei ; adam grimann<\/title>\n<meta name=\"description\" content=\"atelier grimann malerei ; hand; bemalte; schuhe; bilder; \u00f6lbilder; zeichnung;\" \/>\n<meta name=\"robots\" content=\"index, follow, max-snippet:-1, max-image-preview:large, max-video-preview:-1\" \/>\n<link rel=\"canonical\" href=\"https:\/\/www.grimann.de\/revierkunst-2014-bochum\/\" \/>\n<meta property=\"og:locale\" content=\"pl_PL\" \/>\n<meta property=\"og:type\" content=\"article\" \/>\n<meta property=\"og:title\" content=\"atelier grimann melerei ; adam grimann\" \/>\n<meta property=\"og:description\" content=\"atelier grimann malerei ; hand; bemalte; schuhe; bilder; \u00f6lbilder; zeichnung;\" \/>\n<meta property=\"og:url\" content=\"https:\/\/www.grimann.de\/revierkunst-2014-bochum\/\" \/>\n<meta property=\"og:site_name\" content=\"my gallery\" \/>\n<meta property=\"article:publisher\" content=\"https:\/\/www.facebook.com\/adam.grimann\" \/>\n<meta property=\"article:author\" content=\"https:\/\/www.facebook.com\/adam.grimann\" \/>\n<meta property=\"article:published_time\" content=\"2014-10-13T18:21:37+00:00\" \/>\n<meta property=\"article:modified_time\" content=\"2014-10-13T18:28:11+00:00\" \/>\n<meta property=\"og:image\" content=\"https:\/\/www.grimann.de\/wp-content\/uploads\/2013\/07\/revierkunst-banner1.jpg\" \/>\n\t<meta property=\"og:image:width\" content=\"1278\" \/>\n\t<meta property=\"og:image:height\" content=\"352\" \/>\n\t<meta property=\"og:image:type\" content=\"image\/jpeg\" \/>\n<meta name=\"author\" content=\"grimann\" \/>\n<meta name=\"twitter:card\" content=\"summary_large_image\" \/>\n<meta name=\"twitter:label1\" content=\"Napisane przez\" \/>\n\t<meta name=\"twitter:data1\" content=\"grimann\" \/>\n<script type=\"application\/ld+json\" class=\"yoast-schema-graph\">{\"@context\":\"https:\\\/\\\/schema.org\",\"@graph\":[{\"@type\":\"Article\",\"@id\":\"https:\\\/\\\/www.grimann.de\\\/revierkunst-2014-bochum\\\/#article\",\"isPartOf\":{\"@id\":\"https:\\\/\\\/www.grimann.de\\\/revierkunst-2014-bochum\\\/\"},\"author\":{\"name\":\"grimann\",\"@id\":\"https:\\\/\\\/www.grimann.de\\\/#\\\/schema\\\/person\\\/b85eeb7bb21aee8cb16db5f471df2377\"},\"headline\":\"Revierkunst 2014 &#8211; Bochum\",\"datePublished\":\"2014-10-13T18:21:37+00:00\",\"dateModified\":\"2014-10-13T18:28:11+00:00\",\"mainEntityOfPage\":{\"@id\":\"https:\\\/\\\/www.grimann.de\\\/revierkunst-2014-bochum\\\/\"},\"wordCount\":82,\"commentCount\":0,\"publisher\":{\"@id\":\"https:\\\/\\\/www.grimann.de\\\/#\\\/schema\\\/person\\\/b85eeb7bb21aee8cb16db5f471df2377\"},\"image\":{\"@id\":\"https:\\\/\\\/www.grimann.de\\\/revierkunst-2014-bochum\\\/#primaryimage\"},\"thumbnailUrl\":\"https:\\\/\\\/www.grimann.de\\\/wp-content\\\/uploads\\\/2013\\\/07\\\/revierkunst-banner1.jpg\",\"keywords\":[\"Revierkunst\",\"Revierkunst 2014\",\"Revierkunst 2014 Adam Grimann\",\"Revierkunst 2014 Bochum\",\"Revierkunst 2014 Grimann\",\"Revierkunst 2014 Herford\",\"Revierkunst Bochum\"],\"articleSection\":[\"Allgemein\",\"Art\"],\"inLanguage\":\"pl-PL\",\"potentialAction\":[{\"@type\":\"CommentAction\",\"name\":\"Comment\",\"target\":[\"https:\\\/\\\/www.grimann.de\\\/revierkunst-2014-bochum\\\/#respond\"]}]},{\"@type\":\"WebPage\",\"@id\":\"https:\\\/\\\/www.grimann.de\\\/revierkunst-2014-bochum\\\/\",\"url\":\"https:\\\/\\\/www.grimann.de\\\/revierkunst-2014-bochum\\\/\",\"name\":\"atelier grimann melerei ; adam grimann\",\"isPartOf\":{\"@id\":\"https:\\\/\\\/www.grimann.de\\\/#website\"},\"primaryImageOfPage\":{\"@id\":\"https:\\\/\\\/www.grimann.de\\\/revierkunst-2014-bochum\\\/#primaryimage\"},\"image\":{\"@id\":\"https:\\\/\\\/www.grimann.de\\\/revierkunst-2014-bochum\\\/#primaryimage\"},\"thumbnailUrl\":\"https:\\\/\\\/www.grimann.de\\\/wp-content\\\/uploads\\\/2013\\\/07\\\/revierkunst-banner1.jpg\",\"datePublished\":\"2014-10-13T18:21:37+00:00\",\"dateModified\":\"2014-10-13T18:28:11+00:00\",\"description\":\"atelier grimann malerei ; hand; bemalte; schuhe; bilder; \u00f6lbilder; zeichnung;\",\"breadcrumb\":{\"@id\":\"https:\\\/\\\/www.grimann.de\\\/revierkunst-2014-bochum\\\/#breadcrumb\"},\"inLanguage\":\"pl-PL\",\"potentialAction\":[{\"@type\":\"ReadAction\",\"target\":[\"https:\\\/\\\/www.grimann.de\\\/revierkunst-2014-bochum\\\/\"]}]},{\"@type\":\"ImageObject\",\"inLanguage\":\"pl-PL\",\"@id\":\"https:\\\/\\\/www.grimann.de\\\/revierkunst-2014-bochum\\\/#primaryimage\",\"url\":\"https:\\\/\\\/www.grimann.de\\\/wp-content\\\/uploads\\\/2013\\\/07\\\/revierkunst-banner1.jpg\",\"contentUrl\":\"https:\\\/\\\/www.grimann.de\\\/wp-content\\\/uploads\\\/2013\\\/07\\\/revierkunst-banner1.jpg\",\"width\":1278,\"height\":352},{\"@type\":\"BreadcrumbList\",\"@id\":\"https:\\\/\\\/www.grimann.de\\\/revierkunst-2014-bochum\\\/#breadcrumb\",\"itemListElement\":[{\"@type\":\"ListItem\",\"position\":1,\"name\":\"Home\",\"item\":\"https:\\\/\\\/www.grimann.de\\\/\"},{\"@type\":\"ListItem\",\"position\":2,\"name\":\"Revierkunst 2014 &#8211; Bochum\"}]},{\"@type\":\"WebSite\",\"@id\":\"https:\\\/\\\/www.grimann.de\\\/#website\",\"url\":\"https:\\\/\\\/www.grimann.de\\\/\",\"name\":\"my gallery\",\"description\":\"adams art\",\"publisher\":{\"@id\":\"https:\\\/\\\/www.grimann.de\\\/#\\\/schema\\\/person\\\/b85eeb7bb21aee8cb16db5f471df2377\"},\"potentialAction\":[{\"@type\":\"SearchAction\",\"target\":{\"@type\":\"EntryPoint\",\"urlTemplate\":\"https:\\\/\\\/www.grimann.de\\\/?s={search_term_string}\"},\"query-input\":{\"@type\":\"PropertyValueSpecification\",\"valueRequired\":true,\"valueName\":\"search_term_string\"}}],\"inLanguage\":\"pl-PL\"},{\"@type\":[\"Person\",\"Organization\"],\"@id\":\"https:\\\/\\\/www.grimann.de\\\/#\\\/schema\\\/person\\\/b85eeb7bb21aee8cb16db5f471df2377\",\"name\":\"grimann\",\"image\":{\"@type\":\"ImageObject\",\"inLanguage\":\"pl-PL\",\"@id\":\"https:\\\/\\\/www.grimann.de\\\/wp-content\\\/uploads\\\/2022\\\/07\\\/signatur1-scaled.jpg\",\"url\":\"https:\\\/\\\/www.grimann.de\\\/wp-content\\\/uploads\\\/2022\\\/07\\\/signatur1-scaled.jpg\",\"contentUrl\":\"https:\\\/\\\/www.grimann.de\\\/wp-content\\\/uploads\\\/2022\\\/07\\\/signatur1-scaled.jpg\",\"width\":2560,\"height\":617,\"caption\":\"grimann\"},\"logo\":{\"@id\":\"https:\\\/\\\/www.grimann.de\\\/wp-content\\\/uploads\\\/2022\\\/07\\\/signatur1-scaled.jpg\"},\"sameAs\":[\"https:\\\/\\\/www.grimann.de\",\"https:\\\/\\\/www.facebook.com\\\/adam.grimann\",\"https:\\\/\\\/www.instagram.com\\\/atelier_grimann\\\/\",\"https:\\\/\\\/www.linkedin.com\\\/in\\\/adam-grimann-4684a661\\\/\"]}]}<\/script>\n<!-- \/ Yoast SEO plugin. -->","yoast_head_json":{"title":"atelier grimann melerei ; adam grimann","description":"atelier grimann malerei ; hand; bemalte; schuhe; bilder; \u00f6lbilder; zeichnung;","robots":{"index":"index","follow":"follow","max-snippet":"max-snippet:-1","max-image-preview":"max-image-preview:large","max-video-preview":"max-video-preview:-1"},"canonical":"https:\/\/www.grimann.de\/revierkunst-2014-bochum\/","og_locale":"pl_PL","og_type":"article","og_title":"atelier grimann melerei ; adam grimann","og_description":"atelier grimann malerei ; hand; bemalte; schuhe; bilder; \u00f6lbilder; zeichnung;","og_url":"https:\/\/www.grimann.de\/revierkunst-2014-bochum\/","og_site_name":"my gallery","article_publisher":"https:\/\/www.facebook.com\/adam.grimann","article_author":"https:\/\/www.facebook.com\/adam.grimann","article_published_time":"2014-10-13T18:21:37+00:00","article_modified_time":"2014-10-13T18:28:11+00:00","og_image":[{"width":1278,"height":352,"url":"https:\/\/www.grimann.de\/wp-content\/uploads\/2013\/07\/revierkunst-banner1.jpg","type":"image\/jpeg"}],"author":"grimann","twitter_card":"summary_large_image","twitter_misc":{"Napisane przez":"grimann"},"schema":{"@context":"https:\/\/schema.org","@graph":[{"@type":"Article","@id":"https:\/\/www.grimann.de\/revierkunst-2014-bochum\/#article","isPartOf":{"@id":"https:\/\/www.grimann.de\/revierkunst-2014-bochum\/"},"author":{"name":"grimann","@id":"https:\/\/www.grimann.de\/#\/schema\/person\/b85eeb7bb21aee8cb16db5f471df2377"},"headline":"Revierkunst 2014 &#8211; Bochum","datePublished":"2014-10-13T18:21:37+00:00","dateModified":"2014-10-13T18:28:11+00:00","mainEntityOfPage":{"@id":"https:\/\/www.grimann.de\/revierkunst-2014-bochum\/"},"wordCount":82,"commentCount":0,"publisher":{"@id":"https:\/\/www.grimann.de\/#\/schema\/person\/b85eeb7bb21aee8cb16db5f471df2377"},"image":{"@id":"https:\/\/www.grimann.de\/revierkunst-2014-bochum\/#primaryimage"},"thumbnailUrl":"https:\/\/www.grimann.de\/wp-content\/uploads\/2013\/07\/revierkunst-banner1.jpg","keywords":["Revierkunst","Revierkunst 2014","Revierkunst 2014 Adam Grimann","Revierkunst 2014 Bochum","Revierkunst 2014 Grimann","Revierkunst 2014 Herford","Revierkunst Bochum"],"articleSection":["Allgemein","Art"],"inLanguage":"pl-PL","potentialAction":[{"@type":"CommentAction","name":"Comment","target":["https:\/\/www.grimann.de\/revierkunst-2014-bochum\/#respond"]}]},{"@type":"WebPage","@id":"https:\/\/www.grimann.de\/revierkunst-2014-bochum\/","url":"https:\/\/www.grimann.de\/revierkunst-2014-bochum\/","name":"atelier grimann melerei ; adam grimann","isPartOf":{"@id":"https:\/\/www.grimann.de\/#website"},"primaryImageOfPage":{"@id":"https:\/\/www.grimann.de\/revierkunst-2014-bochum\/#primaryimage"},"image":{"@id":"https:\/\/www.grimann.de\/revierkunst-2014-bochum\/#primaryimage"},"thumbnailUrl":"https:\/\/www.grimann.de\/wp-content\/uploads\/2013\/07\/revierkunst-banner1.jpg","datePublished":"2014-10-13T18:21:37+00:00","dateModified":"2014-10-13T18:28:11+00:00","description":"atelier grimann malerei ; hand; bemalte; schuhe; bilder; \u00f6lbilder; zeichnung;","breadcrumb":{"@id":"https:\/\/www.grimann.de\/revierkunst-2014-bochum\/#breadcrumb"},"inLanguage":"pl-PL","potentialAction":[{"@type":"ReadAction","target":["https:\/\/www.grimann.de\/revierkunst-2014-bochum\/"]}]},{"@type":"ImageObject","inLanguage":"pl-PL","@id":"https:\/\/www.grimann.de\/revierkunst-2014-bochum\/#primaryimage","url":"https:\/\/www.grimann.de\/wp-content\/uploads\/2013\/07\/revierkunst-banner1.jpg","contentUrl":"https:\/\/www.grimann.de\/wp-content\/uploads\/2013\/07\/revierkunst-banner1.jpg","width":1278,"height":352},{"@type":"BreadcrumbList","@id":"https:\/\/www.grimann.de\/revierkunst-2014-bochum\/#breadcrumb","itemListElement":[{"@type":"ListItem","position":1,"name":"Home","item":"https:\/\/www.grimann.de\/"},{"@type":"ListItem","position":2,"name":"Revierkunst 2014 &#8211; Bochum"}]},{"@type":"WebSite","@id":"https:\/\/www.grimann.de\/#website","url":"https:\/\/www.grimann.de\/","name":"my gallery","description":"adams art","publisher":{"@id":"https:\/\/www.grimann.de\/#\/schema\/person\/b85eeb7bb21aee8cb16db5f471df2377"},"potentialAction":[{"@type":"SearchAction","target":{"@type":"EntryPoint","urlTemplate":"https:\/\/www.grimann.de\/?s={search_term_string}"},"query-input":{"@type":"PropertyValueSpecification","valueRequired":true,"valueName":"search_term_string"}}],"inLanguage":"pl-PL"},{"@type":["Person","Organization"],"@id":"https:\/\/www.grimann.de\/#\/schema\/person\/b85eeb7bb21aee8cb16db5f471df2377","name":"grimann","image":{"@type":"ImageObject","inLanguage":"pl-PL","@id":"https:\/\/www.grimann.de\/wp-content\/uploads\/2022\/07\/signatur1-scaled.jpg","url":"https:\/\/www.grimann.de\/wp-content\/uploads\/2022\/07\/signatur1-scaled.jpg","contentUrl":"https:\/\/www.grimann.de\/wp-content\/uploads\/2022\/07\/signatur1-scaled.jpg","width":2560,"height":617,"caption":"grimann"},"logo":{"@id":"https:\/\/www.grimann.de\/wp-content\/uploads\/2022\/07\/signatur1-scaled.jpg"},"sameAs":["https:\/\/www.grimann.de","https:\/\/www.facebook.com\/adam.grimann","https:\/\/www.instagram.com\/atelier_grimann\/","https:\/\/www.linkedin.com\/in\/adam-grimann-4684a661\/"]}]}},"_links":{"self":[{"href":"https:\/\/www.grimann.de\/pl\/wp-json\/wp\/v2\/posts\/1206","targetHints":{"allow":["GET"]}}],"collection":[{"href":"https:\/\/www.grimann.de\/pl\/wp-json\/wp\/v2\/posts"}],"about":[{"href":"https:\/\/www.grimann.de\/pl\/wp-json\/wp\/v2\/types\/post"}],"author":[{"embeddable":true,"href":"https:\/\/www.grimann.de\/pl\/wp-json\/wp\/v2\/users\/1"}],"replies":[{"embeddable":true,"href":"https:\/\/www.grimann.de\/pl\/wp-json\/wp\/v2\/comments?post=1206"}],"version-history":[{"count":8,"href":"https:\/\/www.grimann.de\/pl\/wp-json\/wp\/v2\/posts\/1206\/revisions"}],"predecessor-version":[{"id":1217,"href":"https:\/\/www.grimann.de\/pl\/wp-json\/wp\/v2\/posts\/1206\/revisions\/1217"}],"wp:featuredmedia":[{"embeddable":true,"href":"https:\/\/www.grimann.de\/pl\/wp-json\/wp\/v2\/media\/1182"}],"wp:attachment":[{"href":"https:\/\/www.grimann.de\/pl\/wp-json\/wp\/v2\/media?parent=1206"}],"wp:term":[{"taxonomy":"category","embeddable":true,"href":"https:\/\/www.grimann.de\/pl\/wp-json\/wp\/v2\/categories?post=1206"},{"taxonomy":"post_tag","embeddable":true,"href":"https:\/\/www.grimann.de\/pl\/wp-json\/wp\/v2\/tags?post=1206"}],"curies":[{"name":"wp","href":"https:\/\/api.w.org\/{rel}","templated":true}]}}