{"id":1347,"date":"2015-09-26T18:49:40","date_gmt":"2015-09-26T16:49:40","guid":{"rendered":"http:\/\/www.grimann.de\/?p=1347"},"modified":"2019-10-31T15:25:34","modified_gmt":"2019-10-31T13:25:34","slug":"vernissage-in-loehne","status":"publish","type":"post","link":"https:\/\/www.grimann.de\/pl\/vernissage-in-loehne\/","title":{"rendered":"Wernisa\u017c w L\u00f6hne"},"content":{"rendered":"<p><\/p>\n<div id=\"gt-res-content\" class=\"almost_half_cell\">\n<div dir=\"ltr\">\n<p><span id=\"result_box\" class=\"\" lang=\"pl\"><span title=\"Es war ein fantastischer, mein Ego extrem angenehm kitzelnder Abend. \">To by\u0142o fantastyczny, moje ego bardzo przyjemne \u0142askoc\u0105cy wiecz\u00f3r.<\/span><\/span><\/p>\n<p><span title=\"Um 19:30 Uhr hat es angefangen.\">O godzinie 19:30 si\u0119 zacz\u0119\u0142o. <\/span><span title=\"Mein Lieblingsgitarrenquartett hat als erster Programmpunkt das begeistertes Publikum unterhalten.\">M\u00f3j ulubiony kwartet gitarowy jak pierwszy punkt programu rozgrza\u0142 entuzjastyczn\u0105 publiczno\u015b\u0107. <\/span><span title=\"Wundersch\u00f6n.\">Pi\u0119knie. <\/span><span title=\"Dann kam eine Premiere in die Galerie in der Werretalhallen.\">Potem by\u0142a premiera w galerii w Werretalhallen. <\/span><span title=\"Ein Film als Er\u00f6ffnungsrede des K\u00fcnstlers.\">Film jako otwarcie wystawy. <\/span><span title=\"Vor einigen Tagen hat mich die Filmcrew im Atelier besucht und einiges aufgenommen.\">Kilka dni wcze\u015bniej odwiedzi\u0142a ekipa filmowa moje atelier i nakr\u0119ci\u0142a<\/span><span title=\"Daraus ist ein Kurzfilm zur Ausstellung entstanden.\"> kr\u00f3tki film na wystaw\u0119. B<\/span><span title=\"War nat\u00fcrlich super gemacht, deswegen auch mit gro\u00dfem Applaus aufgenommen (es gab Stimmen, die nach mehr gerufen haben :) ) \">y\u0142 bardzo dobrze zrobiony, wi\u0119c zosta\u0142 przyj\u0119ty z wielkim aplauzem (byli tacy, kt\u00f3rzy chcieli wi\u0119cej :))<\/span><\/p>\n<p><span class=\"st\"><!--more--><\/span><\/p>\n<p><span title=\"Nach dem Film hat der Stellvertretender B\u00fcrgermeister mit einer langen Rede die Ausstellung er\u00f6ffnet.\">Po filmie, zast\u0119pca burmistrza otworzy\u0142 wystaw\u0119 opowiadaj\u0105c nieco o mnie i moich pracach. <\/span><span title=\"So eine Rede k\u00f6nnte nat\u00fcrlich noch l\u00e4nger sein.\">Ta przemowy mog\u0142a by by\u0107 spokojnie jeszcze wiele d\u0142u\u017csza. <\/span><span title=\"Es war, als w\u00e4re der Herr mein alter Freund gewesen, der mich beim Schaffen seit Jahren begleitet.\">To tak, jakby m\u00f3j stary przyjaciel towarzyszy\u0142 mi w pracy przez wiele lat i teraz opowiada\u0142 o tym . <\/span><span title=\"Er hat mein Weg und mein Werk sehr sch\u00f6n und auch sehr sachlich und detailliert beschrieben.\">Opisa\u0142 mi drog\u0119 i moje dzia\u0142anie tw\u00f3rcze bardzo pi\u0119kne, bardzo rzeczowo i szczeg\u00f3\u0142owy. <\/span><span title=\"Ich war positiv baff :) \">By\u0142em pozytywnie zaskoczony \ud83d\ude42<\/span><\/p>\n<p><span title=\"Ich habe mich danach kurz an die meisten bedankt (ein paar habe ich leider in der Aufregung vergessen).\">Potem jeszcze ja podzi\u0119kowa\u0142em wszystkim. <\/span><span title=\"Dann kam noch Gitarrenquartett.\">Potem gitary. <\/span><span title=\"Erstmal einiges zum Zuh\u00f6ren und danach etwas zur\u00fcckgezogen als Begleitung bei ergr\u00fcnden der Ausstellung.\">Pierwsza cz\u0119\u015b\u0107 do pos\u0142uchania na siedz\u0105co,potem jeszcze d\u0142ugo grali w tle podczas ogl\u0105dania wystawy. <\/span><span title=\"Es dauerte bis ca. 21:30 Uhr bis die letzten mit mir gesprochen haben und gegangen sind.\">Dopiero o godz. 21:30 ostatni go\u015b\u0107 po rozmawie ze mn\u0105 i opu\u015bci\u0142 wystaw\u0119. <\/span><span title=\"Wow.\">Wow. <\/span><span title=\"Und was sie alle zu berichten hatten !\">A co mieli do opowiadania?! <\/span><span title=\"So viele Denkanst\u00f6\u00dfe habe ich mit meinen Werken schon lange nicht verteilt, es war ein wahrer Genuss meinen G\u00e4sten zuzuh\u00f6ren.\">Tak wiele do my\u015blenia i przemy\u015blania, nie porozdawa\u0142y prace moje ju\u017c dawno.\u00a0 By\u0142o prawdziw\u0105 przyjemno\u015bci\u0105 s\u0142uchanie moich go\u015bci. <\/span><span title=\"Danke f\u00fcr diesen \u00dcberfluss des Positiven an diesem Abend.\">Dzi\u0119kuj\u0105 za obfito\u015bci pozytywnych wra\u017ce\u0144 tego wieczoru.<\/span><\/p>\n<\/div>\n<\/div>\n<p>ngg_shortcode_1_placeholder<\/p>","protected":false},"excerpt":{"rendered":"<p>&#8230;Potem by\u0142a premiera w galerii w Werretalhallen. Film jako otwarcie wystawy&#8230;<\/p>\n","protected":false},"author":1,"featured_media":1367,"comment_status":"open","ping_status":"open","sticky":false,"template":"","format":"standard","meta":{"_exactmetrics_skip_tracking":false,"_exactmetrics_sitenote_active":false,"_exactmetrics_sitenote_note":"","_exactmetrics_sitenote_category":0,"ngg_post_thumbnail":0,"ocean_post_layout":"","ocean_both_sidebars_style":"","ocean_both_sidebars_content_width":0,"ocean_both_sidebars_sidebars_width":0,"ocean_sidebar":"","ocean_second_sidebar":"","ocean_disable_margins":"enable","ocean_add_body_class":"","ocean_shortcode_before_top_bar":"","ocean_shortcode_after_top_bar":"","ocean_shortcode_before_header":"","ocean_shortcode_after_header":"","ocean_has_shortcode":"","ocean_shortcode_after_title":"","ocean_shortcode_before_footer_widgets":"","ocean_shortcode_after_footer_widgets":"","ocean_shortcode_before_footer_bottom":"","ocean_shortcode_after_footer_bottom":"","ocean_display_top_bar":"default","ocean_display_header":"default","ocean_header_style":"","ocean_center_header_left_menu":"","ocean_custom_header_template":"","ocean_custom_logo":0,"ocean_custom_retina_logo":0,"ocean_custom_logo_max_width":0,"ocean_custom_logo_tablet_max_width":0,"ocean_custom_logo_mobile_max_width":0,"ocean_custom_logo_max_height":0,"ocean_custom_logo_tablet_max_height":0,"ocean_custom_logo_mobile_max_height":0,"ocean_header_custom_menu":"","ocean_menu_typo_font_family":"","ocean_menu_typo_font_subset":"","ocean_menu_typo_font_size":0,"ocean_menu_typo_font_size_tablet":0,"ocean_menu_typo_font_size_mobile":0,"ocean_menu_typo_font_size_unit":"px","ocean_menu_typo_font_weight":"","ocean_menu_typo_font_weight_tablet":"","ocean_menu_typo_font_weight_mobile":"","ocean_menu_typo_transform":"","ocean_menu_typo_transform_tablet":"","ocean_menu_typo_transform_mobile":"","ocean_menu_typo_line_height":0,"ocean_menu_typo_line_height_tablet":0,"ocean_menu_typo_line_height_mobile":0,"ocean_menu_typo_line_height_unit":"","ocean_menu_typo_spacing":0,"ocean_menu_typo_spacing_tablet":0,"ocean_menu_typo_spacing_mobile":0,"ocean_menu_typo_spacing_unit":"","ocean_menu_link_color":"","ocean_menu_link_color_hover":"","ocean_menu_link_color_active":"","ocean_menu_link_background":"","ocean_menu_link_hover_background":"","ocean_menu_link_active_background":"","ocean_menu_social_links_bg":"","ocean_menu_social_hover_links_bg":"","ocean_menu_social_links_color":"","ocean_menu_social_hover_links_color":"","ocean_disable_title":"default","ocean_disable_heading":"default","ocean_post_title":"","ocean_post_subheading":"","ocean_post_title_style":"","ocean_post_title_background_color":"","ocean_post_title_background":0,"ocean_post_title_bg_image_position":"","ocean_post_title_bg_image_attachment":"","ocean_post_title_bg_image_repeat":"","ocean_post_title_bg_image_size":"","ocean_post_title_height":0,"ocean_post_title_bg_overlay":0.5,"ocean_post_title_bg_overlay_color":"","ocean_disable_breadcrumbs":"default","ocean_breadcrumbs_color":"","ocean_breadcrumbs_separator_color":"","ocean_breadcrumbs_links_color":"","ocean_breadcrumbs_links_hover_color":"","ocean_display_footer_widgets":"default","ocean_display_footer_bottom":"default","ocean_custom_footer_template":"","ocean_post_oembed":"","ocean_post_self_hosted_media":"","ocean_post_video_embed":"","ocean_link_format":"","ocean_link_format_target":"self","ocean_quote_format":"","ocean_quote_format_link":"post","ocean_gallery_link_images":"on","ocean_gallery_id":[],"footnotes":""},"categories":[1,67],"tags":[],"class_list":["post-1347","post","type-post","status-publish","format-standard","has-post-thumbnail","hentry","category-allgemein","category-art-2","entry","has-media","owp-thumbs-layout-horizontal","owp-btn-normal","owp-tabs-layout-horizontal","has-no-thumbnails","has-product-nav"],"yoast_head":"<!-- This site is optimized with the Yoast SEO plugin v27.4 - https:\/\/yoast.com\/product\/yoast-seo-wordpress\/ -->\n<title>atelier grimann melerei ; adam grimann<\/title>\n<meta name=\"description\" content=\"atelier grimann malerei ; hand; bemalte; schuhe; bilder; \u00f6lbilder; zeichnung;\" \/>\n<meta name=\"robots\" content=\"index, follow, max-snippet:-1, max-image-preview:large, max-video-preview:-1\" \/>\n<link rel=\"canonical\" href=\"https:\/\/www.grimann.de\/zh\/deutsch-vernissage-in-loehne\/\" \/>\n<meta property=\"og:locale\" content=\"pl_PL\" \/>\n<meta property=\"og:type\" content=\"article\" \/>\n<meta property=\"og:title\" content=\"atelier grimann melerei ; adam grimann\" \/>\n<meta property=\"og:description\" content=\"atelier grimann malerei ; hand; bemalte; schuhe; bilder; \u00f6lbilder; zeichnung;\" \/>\n<meta property=\"og:url\" content=\"https:\/\/www.grimann.de\/zh\/deutsch-vernissage-in-loehne\/\" \/>\n<meta property=\"og:site_name\" content=\"my gallery\" \/>\n<meta property=\"article:publisher\" content=\"https:\/\/www.facebook.com\/adam.grimann\" \/>\n<meta property=\"article:author\" content=\"https:\/\/www.facebook.com\/adam.grimann\" \/>\n<meta property=\"article:published_time\" content=\"2015-09-26T16:49:40+00:00\" \/>\n<meta property=\"article:modified_time\" content=\"2019-10-31T13:25:34+00:00\" \/>\n<meta property=\"og:image\" content=\"https:\/\/www.grimann.de\/wp-content\/uploads\/2015\/09\/P92488471.jpg\" \/>\n\t<meta property=\"og:image:width\" content=\"1600\" \/>\n\t<meta property=\"og:image:height\" content=\"1200\" \/>\n\t<meta property=\"og:image:type\" content=\"image\/jpeg\" \/>\n<meta name=\"author\" content=\"grimann\" \/>\n<meta name=\"twitter:card\" content=\"summary_large_image\" \/>\n<meta name=\"twitter:label1\" content=\"Napisane przez\" \/>\n\t<meta name=\"twitter:data1\" content=\"grimann\" \/>\n\t<meta name=\"twitter:label2\" content=\"Szacowany czas czytania\" \/>\n\t<meta name=\"twitter:data2\" content=\"2 minuty\" \/>\n<script type=\"application\/ld+json\" class=\"yoast-schema-graph\">{\"@context\":\"https:\\\/\\\/schema.org\",\"@graph\":[{\"@type\":\"Article\",\"@id\":\"https:\\\/\\\/www.grimann.de\\\/zh\\\/deutsch-vernissage-in-loehne\\\/#article\",\"isPartOf\":{\"@id\":\"https:\\\/\\\/www.grimann.de\\\/zh\\\/deutsch-vernissage-in-loehne\\\/\"},\"author\":{\"name\":\"grimann\",\"@id\":\"https:\\\/\\\/www.grimann.de\\\/#\\\/schema\\\/person\\\/b85eeb7bb21aee8cb16db5f471df2377\"},\"headline\":\"Wernisa\u017c w L\u00f6hne\",\"datePublished\":\"2015-09-26T16:49:40+00:00\",\"dateModified\":\"2019-10-31T13:25:34+00:00\",\"mainEntityOfPage\":{\"@id\":\"https:\\\/\\\/www.grimann.de\\\/zh\\\/deutsch-vernissage-in-loehne\\\/\"},\"wordCount\":496,\"commentCount\":0,\"publisher\":{\"@id\":\"https:\\\/\\\/www.grimann.de\\\/#\\\/schema\\\/person\\\/b85eeb7bb21aee8cb16db5f471df2377\"},\"image\":{\"@id\":\"https:\\\/\\\/www.grimann.de\\\/zh\\\/deutsch-vernissage-in-loehne\\\/#primaryimage\"},\"thumbnailUrl\":\"https:\\\/\\\/www.grimann.de\\\/wp-content\\\/uploads\\\/2015\\\/09\\\/P92488471.jpg\",\"articleSection\":[\"Allgemein\",\"Art\"],\"inLanguage\":\"pl-PL\",\"potentialAction\":[{\"@type\":\"CommentAction\",\"name\":\"Comment\",\"target\":[\"https:\\\/\\\/www.grimann.de\\\/zh\\\/deutsch-vernissage-in-loehne\\\/#respond\"]}]},{\"@type\":\"WebPage\",\"@id\":\"https:\\\/\\\/www.grimann.de\\\/zh\\\/deutsch-vernissage-in-loehne\\\/\",\"url\":\"https:\\\/\\\/www.grimann.de\\\/zh\\\/deutsch-vernissage-in-loehne\\\/\",\"name\":\"atelier grimann melerei ; adam grimann\",\"isPartOf\":{\"@id\":\"https:\\\/\\\/www.grimann.de\\\/#website\"},\"primaryImageOfPage\":{\"@id\":\"https:\\\/\\\/www.grimann.de\\\/zh\\\/deutsch-vernissage-in-loehne\\\/#primaryimage\"},\"image\":{\"@id\":\"https:\\\/\\\/www.grimann.de\\\/zh\\\/deutsch-vernissage-in-loehne\\\/#primaryimage\"},\"thumbnailUrl\":\"https:\\\/\\\/www.grimann.de\\\/wp-content\\\/uploads\\\/2015\\\/09\\\/P92488471.jpg\",\"datePublished\":\"2015-09-26T16:49:40+00:00\",\"dateModified\":\"2019-10-31T13:25:34+00:00\",\"description\":\"atelier grimann malerei ; hand; bemalte; schuhe; bilder; \u00f6lbilder; zeichnung;\",\"breadcrumb\":{\"@id\":\"https:\\\/\\\/www.grimann.de\\\/zh\\\/deutsch-vernissage-in-loehne\\\/#breadcrumb\"},\"inLanguage\":\"pl-PL\",\"potentialAction\":[{\"@type\":\"ReadAction\",\"target\":[\"https:\\\/\\\/www.grimann.de\\\/zh\\\/deutsch-vernissage-in-loehne\\\/\"]}]},{\"@type\":\"ImageObject\",\"inLanguage\":\"pl-PL\",\"@id\":\"https:\\\/\\\/www.grimann.de\\\/zh\\\/deutsch-vernissage-in-loehne\\\/#primaryimage\",\"url\":\"https:\\\/\\\/www.grimann.de\\\/wp-content\\\/uploads\\\/2015\\\/09\\\/P92488471.jpg\",\"contentUrl\":\"https:\\\/\\\/www.grimann.de\\\/wp-content\\\/uploads\\\/2015\\\/09\\\/P92488471.jpg\",\"width\":1600,\"height\":1200,\"caption\":\"OLYMPUS DIGITAL CAMERA\"},{\"@type\":\"BreadcrumbList\",\"@id\":\"https:\\\/\\\/www.grimann.de\\\/zh\\\/deutsch-vernissage-in-loehne\\\/#breadcrumb\",\"itemListElement\":[{\"@type\":\"ListItem\",\"position\":1,\"name\":\"Home\",\"item\":\"https:\\\/\\\/www.grimann.de\\\/\"},{\"@type\":\"ListItem\",\"position\":2,\"name\":\"(Deutsch) Vernissage in L\u00f6hne\"}]},{\"@type\":\"WebSite\",\"@id\":\"https:\\\/\\\/www.grimann.de\\\/#website\",\"url\":\"https:\\\/\\\/www.grimann.de\\\/\",\"name\":\"my gallery\",\"description\":\"adams art\",\"publisher\":{\"@id\":\"https:\\\/\\\/www.grimann.de\\\/#\\\/schema\\\/person\\\/b85eeb7bb21aee8cb16db5f471df2377\"},\"potentialAction\":[{\"@type\":\"SearchAction\",\"target\":{\"@type\":\"EntryPoint\",\"urlTemplate\":\"https:\\\/\\\/www.grimann.de\\\/?s={search_term_string}\"},\"query-input\":{\"@type\":\"PropertyValueSpecification\",\"valueRequired\":true,\"valueName\":\"search_term_string\"}}],\"inLanguage\":\"pl-PL\"},{\"@type\":[\"Person\",\"Organization\"],\"@id\":\"https:\\\/\\\/www.grimann.de\\\/#\\\/schema\\\/person\\\/b85eeb7bb21aee8cb16db5f471df2377\",\"name\":\"grimann\",\"image\":{\"@type\":\"ImageObject\",\"inLanguage\":\"pl-PL\",\"@id\":\"https:\\\/\\\/www.grimann.de\\\/wp-content\\\/uploads\\\/2022\\\/07\\\/signatur1-scaled.jpg\",\"url\":\"https:\\\/\\\/www.grimann.de\\\/wp-content\\\/uploads\\\/2022\\\/07\\\/signatur1-scaled.jpg\",\"contentUrl\":\"https:\\\/\\\/www.grimann.de\\\/wp-content\\\/uploads\\\/2022\\\/07\\\/signatur1-scaled.jpg\",\"width\":2560,\"height\":617,\"caption\":\"grimann\"},\"logo\":{\"@id\":\"https:\\\/\\\/www.grimann.de\\\/wp-content\\\/uploads\\\/2022\\\/07\\\/signatur1-scaled.jpg\"},\"sameAs\":[\"https:\\\/\\\/www.grimann.de\",\"https:\\\/\\\/www.facebook.com\\\/adam.grimann\",\"https:\\\/\\\/www.instagram.com\\\/atelier_grimann\\\/\",\"https:\\\/\\\/www.linkedin.com\\\/in\\\/adam-grimann-4684a661\\\/\"]}]}<\/script>\n<!-- \/ Yoast SEO plugin. -->","yoast_head_json":{"title":"atelier grimann melerei ; adam grimann","description":"atelier grimann malerei ; hand; bemalte; schuhe; bilder; \u00f6lbilder; zeichnung;","robots":{"index":"index","follow":"follow","max-snippet":"max-snippet:-1","max-image-preview":"max-image-preview:large","max-video-preview":"max-video-preview:-1"},"canonical":"https:\/\/www.grimann.de\/zh\/deutsch-vernissage-in-loehne\/","og_locale":"pl_PL","og_type":"article","og_title":"atelier grimann melerei ; adam grimann","og_description":"atelier grimann malerei ; hand; bemalte; schuhe; bilder; \u00f6lbilder; zeichnung;","og_url":"https:\/\/www.grimann.de\/zh\/deutsch-vernissage-in-loehne\/","og_site_name":"my gallery","article_publisher":"https:\/\/www.facebook.com\/adam.grimann","article_author":"https:\/\/www.facebook.com\/adam.grimann","article_published_time":"2015-09-26T16:49:40+00:00","article_modified_time":"2019-10-31T13:25:34+00:00","og_image":[{"width":1600,"height":1200,"url":"https:\/\/www.grimann.de\/wp-content\/uploads\/2015\/09\/P92488471.jpg","type":"image\/jpeg"}],"author":"grimann","twitter_card":"summary_large_image","twitter_misc":{"Napisane przez":"grimann","Szacowany czas czytania":"2 minuty"},"schema":{"@context":"https:\/\/schema.org","@graph":[{"@type":"Article","@id":"https:\/\/www.grimann.de\/zh\/deutsch-vernissage-in-loehne\/#article","isPartOf":{"@id":"https:\/\/www.grimann.de\/zh\/deutsch-vernissage-in-loehne\/"},"author":{"name":"grimann","@id":"https:\/\/www.grimann.de\/#\/schema\/person\/b85eeb7bb21aee8cb16db5f471df2377"},"headline":"Wernisa\u017c w L\u00f6hne","datePublished":"2015-09-26T16:49:40+00:00","dateModified":"2019-10-31T13:25:34+00:00","mainEntityOfPage":{"@id":"https:\/\/www.grimann.de\/zh\/deutsch-vernissage-in-loehne\/"},"wordCount":496,"commentCount":0,"publisher":{"@id":"https:\/\/www.grimann.de\/#\/schema\/person\/b85eeb7bb21aee8cb16db5f471df2377"},"image":{"@id":"https:\/\/www.grimann.de\/zh\/deutsch-vernissage-in-loehne\/#primaryimage"},"thumbnailUrl":"https:\/\/www.grimann.de\/wp-content\/uploads\/2015\/09\/P92488471.jpg","articleSection":["Allgemein","Art"],"inLanguage":"pl-PL","potentialAction":[{"@type":"CommentAction","name":"Comment","target":["https:\/\/www.grimann.de\/zh\/deutsch-vernissage-in-loehne\/#respond"]}]},{"@type":"WebPage","@id":"https:\/\/www.grimann.de\/zh\/deutsch-vernissage-in-loehne\/","url":"https:\/\/www.grimann.de\/zh\/deutsch-vernissage-in-loehne\/","name":"atelier grimann melerei ; adam grimann","isPartOf":{"@id":"https:\/\/www.grimann.de\/#website"},"primaryImageOfPage":{"@id":"https:\/\/www.grimann.de\/zh\/deutsch-vernissage-in-loehne\/#primaryimage"},"image":{"@id":"https:\/\/www.grimann.de\/zh\/deutsch-vernissage-in-loehne\/#primaryimage"},"thumbnailUrl":"https:\/\/www.grimann.de\/wp-content\/uploads\/2015\/09\/P92488471.jpg","datePublished":"2015-09-26T16:49:40+00:00","dateModified":"2019-10-31T13:25:34+00:00","description":"atelier grimann malerei ; hand; bemalte; schuhe; bilder; \u00f6lbilder; zeichnung;","breadcrumb":{"@id":"https:\/\/www.grimann.de\/zh\/deutsch-vernissage-in-loehne\/#breadcrumb"},"inLanguage":"pl-PL","potentialAction":[{"@type":"ReadAction","target":["https:\/\/www.grimann.de\/zh\/deutsch-vernissage-in-loehne\/"]}]},{"@type":"ImageObject","inLanguage":"pl-PL","@id":"https:\/\/www.grimann.de\/zh\/deutsch-vernissage-in-loehne\/#primaryimage","url":"https:\/\/www.grimann.de\/wp-content\/uploads\/2015\/09\/P92488471.jpg","contentUrl":"https:\/\/www.grimann.de\/wp-content\/uploads\/2015\/09\/P92488471.jpg","width":1600,"height":1200,"caption":"OLYMPUS DIGITAL CAMERA"},{"@type":"BreadcrumbList","@id":"https:\/\/www.grimann.de\/zh\/deutsch-vernissage-in-loehne\/#breadcrumb","itemListElement":[{"@type":"ListItem","position":1,"name":"Home","item":"https:\/\/www.grimann.de\/"},{"@type":"ListItem","position":2,"name":"(Deutsch) Vernissage in L\u00f6hne"}]},{"@type":"WebSite","@id":"https:\/\/www.grimann.de\/#website","url":"https:\/\/www.grimann.de\/","name":"my gallery","description":"adams art","publisher":{"@id":"https:\/\/www.grimann.de\/#\/schema\/person\/b85eeb7bb21aee8cb16db5f471df2377"},"potentialAction":[{"@type":"SearchAction","target":{"@type":"EntryPoint","urlTemplate":"https:\/\/www.grimann.de\/?s={search_term_string}"},"query-input":{"@type":"PropertyValueSpecification","valueRequired":true,"valueName":"search_term_string"}}],"inLanguage":"pl-PL"},{"@type":["Person","Organization"],"@id":"https:\/\/www.grimann.de\/#\/schema\/person\/b85eeb7bb21aee8cb16db5f471df2377","name":"grimann","image":{"@type":"ImageObject","inLanguage":"pl-PL","@id":"https:\/\/www.grimann.de\/wp-content\/uploads\/2022\/07\/signatur1-scaled.jpg","url":"https:\/\/www.grimann.de\/wp-content\/uploads\/2022\/07\/signatur1-scaled.jpg","contentUrl":"https:\/\/www.grimann.de\/wp-content\/uploads\/2022\/07\/signatur1-scaled.jpg","width":2560,"height":617,"caption":"grimann"},"logo":{"@id":"https:\/\/www.grimann.de\/wp-content\/uploads\/2022\/07\/signatur1-scaled.jpg"},"sameAs":["https:\/\/www.grimann.de","https:\/\/www.facebook.com\/adam.grimann","https:\/\/www.instagram.com\/atelier_grimann\/","https:\/\/www.linkedin.com\/in\/adam-grimann-4684a661\/"]}]}},"_links":{"self":[{"href":"https:\/\/www.grimann.de\/pl\/wp-json\/wp\/v2\/posts\/1347","targetHints":{"allow":["GET"]}}],"collection":[{"href":"https:\/\/www.grimann.de\/pl\/wp-json\/wp\/v2\/posts"}],"about":[{"href":"https:\/\/www.grimann.de\/pl\/wp-json\/wp\/v2\/types\/post"}],"author":[{"embeddable":true,"href":"https:\/\/www.grimann.de\/pl\/wp-json\/wp\/v2\/users\/1"}],"replies":[{"embeddable":true,"href":"https:\/\/www.grimann.de\/pl\/wp-json\/wp\/v2\/comments?post=1347"}],"version-history":[{"count":9,"href":"https:\/\/www.grimann.de\/pl\/wp-json\/wp\/v2\/posts\/1347\/revisions"}],"predecessor-version":[{"id":2472,"href":"https:\/\/www.grimann.de\/pl\/wp-json\/wp\/v2\/posts\/1347\/revisions\/2472"}],"wp:featuredmedia":[{"embeddable":true,"href":"https:\/\/www.grimann.de\/pl\/wp-json\/wp\/v2\/media\/1367"}],"wp:attachment":[{"href":"https:\/\/www.grimann.de\/pl\/wp-json\/wp\/v2\/media?parent=1347"}],"wp:term":[{"taxonomy":"category","embeddable":true,"href":"https:\/\/www.grimann.de\/pl\/wp-json\/wp\/v2\/categories?post=1347"},{"taxonomy":"post_tag","embeddable":true,"href":"https:\/\/www.grimann.de\/pl\/wp-json\/wp\/v2\/tags?post=1347"}],"curies":[{"name":"wp","href":"https:\/\/api.w.org\/{rel}","templated":true}]}}