{"id":2060,"date":"2018-03-23T12:22:37","date_gmt":"2018-03-23T10:22:37","guid":{"rendered":"http:\/\/www.grimann.de\/?p=2060"},"modified":"2019-06-19T12:53:51","modified_gmt":"2019-06-19T10:53:51","slug":"architektura-sztuki-przestrzen-wnetrza-malarstwo-rysunek-witraz","status":"publish","type":"post","link":"https:\/\/www.grimann.de\/pl\/architektura-sztuki-przestrzen-wnetrza-malarstwo-rysunek-witraz\/","title":{"rendered":"Architektura sztuki. Przestrze\u0144 wn\u0119trza. Malarstwo, rysunek, witra\u017c"},"content":{"rendered":"<p>&#8221;W \u017corskim Muzeum Ognia od 16 marca do 15 kwietnia mo\u017cna zwiedza\u0107 mo\u017cna czasow\u0105 wystaw\u0119<strong>\u201eArchitektura sztuki. Przestrze\u0144 wn\u0119trza. Malarstwo, rysunek, witra\u017c\u201d<\/strong>.<\/p>\n<p><!--more--><\/p>\n<p>Wystawa przygotowana zosta\u0142a jest we wsp\u00f3\u0142pracy ze Zwi\u0105zkiem Polskich Artyst\u00f3w Plastyk\u00f3w Okr\u0119gu Krakowskiego, z udzia\u0142em 19 artyst\u00f3w \u2013 tak\u017ce pochodz\u0105cych z \u017bor &#8211; reprezentuj\u0105cych r\u00f3\u017cne postawy tw\u00f3rcze. Jej pomys\u0142odawczyni\u0105 jest dr Joanna Banek, czuwaj\u0105ca nad doborem prac artyst\u00f3w z okr\u0119gu krakowskiego ZPAP. Organizacj\u0105 przedsi\u0119wzi\u0119cia kieruje Anna Flaga (ZPAP) z Muzeum Miejskiego w \u017borach. Cz\u0119\u015b\u0107 ekspozycji znajdzie si\u0119 te\u017c w galerii wystaw czasowych muzeum przy ul. Muzealnej 1\/2. Wystawa jest cz\u0119\u015bci\u0105 cyklicznego projektu \u201eKonfrontacje\u201d, adresowanego do dojrza\u0142ego odbiorcy zainteresowanego sztuk\u0105, m\u0142odzie\u017cy i dzieci. Uczestnikom towarzysz\u0105cych imprezie spotka\u0144 przybli\u017cone zostan\u0105 biografie i tw\u00f3rczo\u015b\u0107 Salvadora Dali, Zdzis\u0142awa Beksi\u0144skiego, W\u0142adys\u0142awa Strzemi\u0144skiego i Katarzyny Kobro oraz poj\u0119cia: konstruktywizmu, suprematyzmu, abstrakcjonizmu geometrycznego.&#8221; &#8211; cytuj\u0119 Muzeum Ognia.<\/p>\n<p>Kilka zdj\u0119\u0107 z wernisa\u017cu:<\/p>\n<p><strong>ngg_shortcode_1_placeholder<\/strong><\/p>\n<p>&nbsp;<\/p>","protected":false},"excerpt":{"rendered":"<p>&#8230;Zwi\u0105zkiem Polskich Artyst\u00f3w Plastyk\u00f3w Okr\u0119gu Krakowskiego, z udzia\u0142em 19 artyst\u00f3w \u2013 tak\u017ce pochodz\u0105cych z \u017bor&#8230;<\/p>\n","protected":false},"author":1,"featured_media":2065,"comment_status":"open","ping_status":"open","sticky":false,"template":"","format":"standard","meta":{"_exactmetrics_skip_tracking":false,"_exactmetrics_sitenote_active":false,"_exactmetrics_sitenote_note":"","_exactmetrics_sitenote_category":0,"ngg_post_thumbnail":0,"ocean_post_layout":"","ocean_both_sidebars_style":"","ocean_both_sidebars_content_width":0,"ocean_both_sidebars_sidebars_width":0,"ocean_sidebar":"","ocean_second_sidebar":"","ocean_disable_margins":"enable","ocean_add_body_class":"","ocean_shortcode_before_top_bar":"","ocean_shortcode_after_top_bar":"","ocean_shortcode_before_header":"","ocean_shortcode_after_header":"","ocean_has_shortcode":"","ocean_shortcode_after_title":"","ocean_shortcode_before_footer_widgets":"","ocean_shortcode_after_footer_widgets":"","ocean_shortcode_before_footer_bottom":"","ocean_shortcode_after_footer_bottom":"","ocean_display_top_bar":"default","ocean_display_header":"default","ocean_header_style":"","ocean_center_header_left_menu":"","ocean_custom_header_template":"","ocean_custom_logo":0,"ocean_custom_retina_logo":0,"ocean_custom_logo_max_width":0,"ocean_custom_logo_tablet_max_width":0,"ocean_custom_logo_mobile_max_width":0,"ocean_custom_logo_max_height":0,"ocean_custom_logo_tablet_max_height":0,"ocean_custom_logo_mobile_max_height":0,"ocean_header_custom_menu":"","ocean_menu_typo_font_family":"","ocean_menu_typo_font_subset":"","ocean_menu_typo_font_size":0,"ocean_menu_typo_font_size_tablet":0,"ocean_menu_typo_font_size_mobile":0,"ocean_menu_typo_font_size_unit":"px","ocean_menu_typo_font_weight":"","ocean_menu_typo_font_weight_tablet":"","ocean_menu_typo_font_weight_mobile":"","ocean_menu_typo_transform":"","ocean_menu_typo_transform_tablet":"","ocean_menu_typo_transform_mobile":"","ocean_menu_typo_line_height":0,"ocean_menu_typo_line_height_tablet":0,"ocean_menu_typo_line_height_mobile":0,"ocean_menu_typo_line_height_unit":"","ocean_menu_typo_spacing":0,"ocean_menu_typo_spacing_tablet":0,"ocean_menu_typo_spacing_mobile":0,"ocean_menu_typo_spacing_unit":"","ocean_menu_link_color":"","ocean_menu_link_color_hover":"","ocean_menu_link_color_active":"","ocean_menu_link_background":"","ocean_menu_link_hover_background":"","ocean_menu_link_active_background":"","ocean_menu_social_links_bg":"","ocean_menu_social_hover_links_bg":"","ocean_menu_social_links_color":"","ocean_menu_social_hover_links_color":"","ocean_disable_title":"default","ocean_disable_heading":"default","ocean_post_title":"","ocean_post_subheading":"","ocean_post_title_style":"","ocean_post_title_background_color":"","ocean_post_title_background":0,"ocean_post_title_bg_image_position":"","ocean_post_title_bg_image_attachment":"","ocean_post_title_bg_image_repeat":"","ocean_post_title_bg_image_size":"","ocean_post_title_height":0,"ocean_post_title_bg_overlay":0.5,"ocean_post_title_bg_overlay_color":"","ocean_disable_breadcrumbs":"default","ocean_breadcrumbs_color":"","ocean_breadcrumbs_separator_color":"","ocean_breadcrumbs_links_color":"","ocean_breadcrumbs_links_hover_color":"","ocean_display_footer_widgets":"default","ocean_display_footer_bottom":"default","ocean_custom_footer_template":"","ocean_post_oembed":"","ocean_post_self_hosted_media":"","ocean_post_video_embed":"","ocean_link_format":"","ocean_link_format_target":"self","ocean_quote_format":"","ocean_quote_format_link":"post","ocean_gallery_link_images":"on","ocean_gallery_id":[],"footnotes":""},"categories":[1,67],"tags":[373,381,378,375,374,376,380,379,377,40],"class_list":["post-2060","post","type-post","status-publish","format-standard","has-post-thumbnail","hentry","category-allgemein","category-art-2","tag-feuermusem","tag-grimann-zory","tag-muzeum-miejskie-zory","tag-muzeum-ognia","tag-muzeum-ognia-adam-grimann","tag-muzeum-zory","tag-muzeum-zory-adam-grimann","tag-muzeum-zory-grimann","tag-staedtisches-museum-zory","tag-zory","entry","has-media","owp-thumbs-layout-horizontal","owp-btn-normal","owp-tabs-layout-horizontal","has-no-thumbnails","has-product-nav"],"yoast_head":"<!-- This site is optimized with the Yoast SEO plugin v27.4 - https:\/\/yoast.com\/product\/yoast-seo-wordpress\/ -->\n<title>atelier grimann melerei ; adam grimann<\/title>\n<meta name=\"description\" content=\"atelier grimann malerei ; hand; bemalte; schuhe; bilder; \u00f6lbilder; zeichnung;\" \/>\n<meta name=\"robots\" content=\"index, follow, max-snippet:-1, max-image-preview:large, max-video-preview:-1\" \/>\n<link rel=\"canonical\" href=\"https:\/\/www.grimann.de\/architektura-sztuki-przestrzen-wnetrza-malarstwo-rysunek-witraz\/\" \/>\n<meta property=\"og:locale\" content=\"pl_PL\" \/>\n<meta property=\"og:type\" content=\"article\" \/>\n<meta property=\"og:title\" content=\"atelier grimann melerei ; adam grimann\" \/>\n<meta property=\"og:description\" content=\"atelier grimann malerei ; hand; bemalte; schuhe; bilder; \u00f6lbilder; zeichnung;\" \/>\n<meta property=\"og:url\" content=\"https:\/\/www.grimann.de\/architektura-sztuki-przestrzen-wnetrza-malarstwo-rysunek-witraz\/\" \/>\n<meta property=\"og:site_name\" content=\"my gallery\" \/>\n<meta property=\"article:publisher\" content=\"https:\/\/www.facebook.com\/adam.grimann\" \/>\n<meta property=\"article:author\" content=\"https:\/\/www.facebook.com\/adam.grimann\" \/>\n<meta property=\"article:published_time\" content=\"2018-03-23T10:22:37+00:00\" \/>\n<meta property=\"article:modified_time\" content=\"2019-06-19T10:53:51+00:00\" \/>\n<meta property=\"og:image\" content=\"https:\/\/www.grimann.de\/wp-content\/uploads\/2018\/03\/IMG-20180317-WA0066.jpg\" \/>\n\t<meta property=\"og:image:width\" content=\"898\" \/>\n\t<meta property=\"og:image:height\" content=\"1600\" \/>\n\t<meta property=\"og:image:type\" content=\"image\/jpeg\" \/>\n<meta name=\"author\" content=\"grimann\" \/>\n<meta name=\"twitter:card\" content=\"summary_large_image\" \/>\n<meta name=\"twitter:label1\" content=\"Napisane przez\" \/>\n\t<meta name=\"twitter:data1\" content=\"grimann\" \/>\n\t<meta name=\"twitter:label2\" content=\"Szacowany czas czytania\" \/>\n\t<meta name=\"twitter:data2\" content=\"1 minuta\" \/>\n<script type=\"application\/ld+json\" class=\"yoast-schema-graph\">{\"@context\":\"https:\\\/\\\/schema.org\",\"@graph\":[{\"@type\":\"Article\",\"@id\":\"https:\\\/\\\/www.grimann.de\\\/architektura-sztuki-przestrzen-wnetrza-malarstwo-rysunek-witraz\\\/#article\",\"isPartOf\":{\"@id\":\"https:\\\/\\\/www.grimann.de\\\/architektura-sztuki-przestrzen-wnetrza-malarstwo-rysunek-witraz\\\/\"},\"author\":{\"name\":\"grimann\",\"@id\":\"https:\\\/\\\/www.grimann.de\\\/#\\\/schema\\\/person\\\/b85eeb7bb21aee8cb16db5f471df2377\"},\"headline\":\"Architektura sztuki. Przestrze\u0144 wn\u0119trza. Malarstwo, rysunek, witra\u017c\",\"datePublished\":\"2018-03-23T10:22:37+00:00\",\"dateModified\":\"2019-06-19T10:53:51+00:00\",\"mainEntityOfPage\":{\"@id\":\"https:\\\/\\\/www.grimann.de\\\/architektura-sztuki-przestrzen-wnetrza-malarstwo-rysunek-witraz\\\/\"},\"wordCount\":245,\"commentCount\":0,\"publisher\":{\"@id\":\"https:\\\/\\\/www.grimann.de\\\/#\\\/schema\\\/person\\\/b85eeb7bb21aee8cb16db5f471df2377\"},\"image\":{\"@id\":\"https:\\\/\\\/www.grimann.de\\\/architektura-sztuki-przestrzen-wnetrza-malarstwo-rysunek-witraz\\\/#primaryimage\"},\"thumbnailUrl\":\"https:\\\/\\\/www.grimann.de\\\/wp-content\\\/uploads\\\/2018\\\/03\\\/IMG-20180317-WA0066.jpg\",\"keywords\":[\"Feuermusem\",\"Grimann \u017bory\",\"Muzeum Miejskie \u017bory\",\"Muzeum Ognia\",\"Muzeum Ognia Adam Grimann\",\"Muzeum Zory\",\"Muzeum \u017bory Adam Grimann\",\"Muzeum \u017bory Grimann\",\"St\u00e4dtisches Museum \u017bory\",\"Zory\"],\"articleSection\":[\"Allgemein\",\"Art\"],\"inLanguage\":\"pl-PL\",\"potentialAction\":[{\"@type\":\"CommentAction\",\"name\":\"Comment\",\"target\":[\"https:\\\/\\\/www.grimann.de\\\/architektura-sztuki-przestrzen-wnetrza-malarstwo-rysunek-witraz\\\/#respond\"]}]},{\"@type\":\"WebPage\",\"@id\":\"https:\\\/\\\/www.grimann.de\\\/architektura-sztuki-przestrzen-wnetrza-malarstwo-rysunek-witraz\\\/\",\"url\":\"https:\\\/\\\/www.grimann.de\\\/architektura-sztuki-przestrzen-wnetrza-malarstwo-rysunek-witraz\\\/\",\"name\":\"atelier grimann melerei ; adam grimann\",\"isPartOf\":{\"@id\":\"https:\\\/\\\/www.grimann.de\\\/#website\"},\"primaryImageOfPage\":{\"@id\":\"https:\\\/\\\/www.grimann.de\\\/architektura-sztuki-przestrzen-wnetrza-malarstwo-rysunek-witraz\\\/#primaryimage\"},\"image\":{\"@id\":\"https:\\\/\\\/www.grimann.de\\\/architektura-sztuki-przestrzen-wnetrza-malarstwo-rysunek-witraz\\\/#primaryimage\"},\"thumbnailUrl\":\"https:\\\/\\\/www.grimann.de\\\/wp-content\\\/uploads\\\/2018\\\/03\\\/IMG-20180317-WA0066.jpg\",\"datePublished\":\"2018-03-23T10:22:37+00:00\",\"dateModified\":\"2019-06-19T10:53:51+00:00\",\"description\":\"atelier grimann malerei ; hand; bemalte; schuhe; bilder; \u00f6lbilder; zeichnung;\",\"breadcrumb\":{\"@id\":\"https:\\\/\\\/www.grimann.de\\\/architektura-sztuki-przestrzen-wnetrza-malarstwo-rysunek-witraz\\\/#breadcrumb\"},\"inLanguage\":\"pl-PL\",\"potentialAction\":[{\"@type\":\"ReadAction\",\"target\":[\"https:\\\/\\\/www.grimann.de\\\/architektura-sztuki-przestrzen-wnetrza-malarstwo-rysunek-witraz\\\/\"]}]},{\"@type\":\"ImageObject\",\"inLanguage\":\"pl-PL\",\"@id\":\"https:\\\/\\\/www.grimann.de\\\/architektura-sztuki-przestrzen-wnetrza-malarstwo-rysunek-witraz\\\/#primaryimage\",\"url\":\"https:\\\/\\\/www.grimann.de\\\/wp-content\\\/uploads\\\/2018\\\/03\\\/IMG-20180317-WA0066.jpg\",\"contentUrl\":\"https:\\\/\\\/www.grimann.de\\\/wp-content\\\/uploads\\\/2018\\\/03\\\/IMG-20180317-WA0066.jpg\",\"width\":898,\"height\":1600},{\"@type\":\"BreadcrumbList\",\"@id\":\"https:\\\/\\\/www.grimann.de\\\/architektura-sztuki-przestrzen-wnetrza-malarstwo-rysunek-witraz\\\/#breadcrumb\",\"itemListElement\":[{\"@type\":\"ListItem\",\"position\":1,\"name\":\"Home\",\"item\":\"https:\\\/\\\/www.grimann.de\\\/\"},{\"@type\":\"ListItem\",\"position\":2,\"name\":\"&#8220;Architektura sztuki. Przestrze\u0144 wn\u0119trza. Malarstwo, rysunek, witra\u017c&#8220;\"}]},{\"@type\":\"WebSite\",\"@id\":\"https:\\\/\\\/www.grimann.de\\\/#website\",\"url\":\"https:\\\/\\\/www.grimann.de\\\/\",\"name\":\"my gallery\",\"description\":\"adams art\",\"publisher\":{\"@id\":\"https:\\\/\\\/www.grimann.de\\\/#\\\/schema\\\/person\\\/b85eeb7bb21aee8cb16db5f471df2377\"},\"potentialAction\":[{\"@type\":\"SearchAction\",\"target\":{\"@type\":\"EntryPoint\",\"urlTemplate\":\"https:\\\/\\\/www.grimann.de\\\/?s={search_term_string}\"},\"query-input\":{\"@type\":\"PropertyValueSpecification\",\"valueRequired\":true,\"valueName\":\"search_term_string\"}}],\"inLanguage\":\"pl-PL\"},{\"@type\":[\"Person\",\"Organization\"],\"@id\":\"https:\\\/\\\/www.grimann.de\\\/#\\\/schema\\\/person\\\/b85eeb7bb21aee8cb16db5f471df2377\",\"name\":\"grimann\",\"image\":{\"@type\":\"ImageObject\",\"inLanguage\":\"pl-PL\",\"@id\":\"https:\\\/\\\/www.grimann.de\\\/wp-content\\\/uploads\\\/2022\\\/07\\\/signatur1-scaled.jpg\",\"url\":\"https:\\\/\\\/www.grimann.de\\\/wp-content\\\/uploads\\\/2022\\\/07\\\/signatur1-scaled.jpg\",\"contentUrl\":\"https:\\\/\\\/www.grimann.de\\\/wp-content\\\/uploads\\\/2022\\\/07\\\/signatur1-scaled.jpg\",\"width\":2560,\"height\":617,\"caption\":\"grimann\"},\"logo\":{\"@id\":\"https:\\\/\\\/www.grimann.de\\\/wp-content\\\/uploads\\\/2022\\\/07\\\/signatur1-scaled.jpg\"},\"sameAs\":[\"https:\\\/\\\/www.grimann.de\",\"https:\\\/\\\/www.facebook.com\\\/adam.grimann\",\"https:\\\/\\\/www.instagram.com\\\/atelier_grimann\\\/\",\"https:\\\/\\\/www.linkedin.com\\\/in\\\/adam-grimann-4684a661\\\/\"]}]}<\/script>\n<!-- \/ Yoast SEO plugin. -->","yoast_head_json":{"title":"atelier grimann melerei ; adam grimann","description":"atelier grimann malerei ; hand; bemalte; schuhe; bilder; \u00f6lbilder; zeichnung;","robots":{"index":"index","follow":"follow","max-snippet":"max-snippet:-1","max-image-preview":"max-image-preview:large","max-video-preview":"max-video-preview:-1"},"canonical":"https:\/\/www.grimann.de\/architektura-sztuki-przestrzen-wnetrza-malarstwo-rysunek-witraz\/","og_locale":"pl_PL","og_type":"article","og_title":"atelier grimann melerei ; adam grimann","og_description":"atelier grimann malerei ; hand; bemalte; schuhe; bilder; \u00f6lbilder; zeichnung;","og_url":"https:\/\/www.grimann.de\/architektura-sztuki-przestrzen-wnetrza-malarstwo-rysunek-witraz\/","og_site_name":"my gallery","article_publisher":"https:\/\/www.facebook.com\/adam.grimann","article_author":"https:\/\/www.facebook.com\/adam.grimann","article_published_time":"2018-03-23T10:22:37+00:00","article_modified_time":"2019-06-19T10:53:51+00:00","og_image":[{"width":898,"height":1600,"url":"https:\/\/www.grimann.de\/wp-content\/uploads\/2018\/03\/IMG-20180317-WA0066.jpg","type":"image\/jpeg"}],"author":"grimann","twitter_card":"summary_large_image","twitter_misc":{"Napisane przez":"grimann","Szacowany czas czytania":"1 minuta"},"schema":{"@context":"https:\/\/schema.org","@graph":[{"@type":"Article","@id":"https:\/\/www.grimann.de\/architektura-sztuki-przestrzen-wnetrza-malarstwo-rysunek-witraz\/#article","isPartOf":{"@id":"https:\/\/www.grimann.de\/architektura-sztuki-przestrzen-wnetrza-malarstwo-rysunek-witraz\/"},"author":{"name":"grimann","@id":"https:\/\/www.grimann.de\/#\/schema\/person\/b85eeb7bb21aee8cb16db5f471df2377"},"headline":"Architektura sztuki. Przestrze\u0144 wn\u0119trza. Malarstwo, rysunek, witra\u017c","datePublished":"2018-03-23T10:22:37+00:00","dateModified":"2019-06-19T10:53:51+00:00","mainEntityOfPage":{"@id":"https:\/\/www.grimann.de\/architektura-sztuki-przestrzen-wnetrza-malarstwo-rysunek-witraz\/"},"wordCount":245,"commentCount":0,"publisher":{"@id":"https:\/\/www.grimann.de\/#\/schema\/person\/b85eeb7bb21aee8cb16db5f471df2377"},"image":{"@id":"https:\/\/www.grimann.de\/architektura-sztuki-przestrzen-wnetrza-malarstwo-rysunek-witraz\/#primaryimage"},"thumbnailUrl":"https:\/\/www.grimann.de\/wp-content\/uploads\/2018\/03\/IMG-20180317-WA0066.jpg","keywords":["Feuermusem","Grimann \u017bory","Muzeum Miejskie \u017bory","Muzeum Ognia","Muzeum Ognia Adam Grimann","Muzeum Zory","Muzeum \u017bory Adam Grimann","Muzeum \u017bory Grimann","St\u00e4dtisches Museum \u017bory","Zory"],"articleSection":["Allgemein","Art"],"inLanguage":"pl-PL","potentialAction":[{"@type":"CommentAction","name":"Comment","target":["https:\/\/www.grimann.de\/architektura-sztuki-przestrzen-wnetrza-malarstwo-rysunek-witraz\/#respond"]}]},{"@type":"WebPage","@id":"https:\/\/www.grimann.de\/architektura-sztuki-przestrzen-wnetrza-malarstwo-rysunek-witraz\/","url":"https:\/\/www.grimann.de\/architektura-sztuki-przestrzen-wnetrza-malarstwo-rysunek-witraz\/","name":"atelier grimann melerei ; adam grimann","isPartOf":{"@id":"https:\/\/www.grimann.de\/#website"},"primaryImageOfPage":{"@id":"https:\/\/www.grimann.de\/architektura-sztuki-przestrzen-wnetrza-malarstwo-rysunek-witraz\/#primaryimage"},"image":{"@id":"https:\/\/www.grimann.de\/architektura-sztuki-przestrzen-wnetrza-malarstwo-rysunek-witraz\/#primaryimage"},"thumbnailUrl":"https:\/\/www.grimann.de\/wp-content\/uploads\/2018\/03\/IMG-20180317-WA0066.jpg","datePublished":"2018-03-23T10:22:37+00:00","dateModified":"2019-06-19T10:53:51+00:00","description":"atelier grimann malerei ; hand; bemalte; schuhe; bilder; \u00f6lbilder; zeichnung;","breadcrumb":{"@id":"https:\/\/www.grimann.de\/architektura-sztuki-przestrzen-wnetrza-malarstwo-rysunek-witraz\/#breadcrumb"},"inLanguage":"pl-PL","potentialAction":[{"@type":"ReadAction","target":["https:\/\/www.grimann.de\/architektura-sztuki-przestrzen-wnetrza-malarstwo-rysunek-witraz\/"]}]},{"@type":"ImageObject","inLanguage":"pl-PL","@id":"https:\/\/www.grimann.de\/architektura-sztuki-przestrzen-wnetrza-malarstwo-rysunek-witraz\/#primaryimage","url":"https:\/\/www.grimann.de\/wp-content\/uploads\/2018\/03\/IMG-20180317-WA0066.jpg","contentUrl":"https:\/\/www.grimann.de\/wp-content\/uploads\/2018\/03\/IMG-20180317-WA0066.jpg","width":898,"height":1600},{"@type":"BreadcrumbList","@id":"https:\/\/www.grimann.de\/architektura-sztuki-przestrzen-wnetrza-malarstwo-rysunek-witraz\/#breadcrumb","itemListElement":[{"@type":"ListItem","position":1,"name":"Home","item":"https:\/\/www.grimann.de\/"},{"@type":"ListItem","position":2,"name":"&#8220;Architektura sztuki. Przestrze\u0144 wn\u0119trza. Malarstwo, rysunek, witra\u017c&#8220;"}]},{"@type":"WebSite","@id":"https:\/\/www.grimann.de\/#website","url":"https:\/\/www.grimann.de\/","name":"my gallery","description":"adams art","publisher":{"@id":"https:\/\/www.grimann.de\/#\/schema\/person\/b85eeb7bb21aee8cb16db5f471df2377"},"potentialAction":[{"@type":"SearchAction","target":{"@type":"EntryPoint","urlTemplate":"https:\/\/www.grimann.de\/?s={search_term_string}"},"query-input":{"@type":"PropertyValueSpecification","valueRequired":true,"valueName":"search_term_string"}}],"inLanguage":"pl-PL"},{"@type":["Person","Organization"],"@id":"https:\/\/www.grimann.de\/#\/schema\/person\/b85eeb7bb21aee8cb16db5f471df2377","name":"grimann","image":{"@type":"ImageObject","inLanguage":"pl-PL","@id":"https:\/\/www.grimann.de\/wp-content\/uploads\/2022\/07\/signatur1-scaled.jpg","url":"https:\/\/www.grimann.de\/wp-content\/uploads\/2022\/07\/signatur1-scaled.jpg","contentUrl":"https:\/\/www.grimann.de\/wp-content\/uploads\/2022\/07\/signatur1-scaled.jpg","width":2560,"height":617,"caption":"grimann"},"logo":{"@id":"https:\/\/www.grimann.de\/wp-content\/uploads\/2022\/07\/signatur1-scaled.jpg"},"sameAs":["https:\/\/www.grimann.de","https:\/\/www.facebook.com\/adam.grimann","https:\/\/www.instagram.com\/atelier_grimann\/","https:\/\/www.linkedin.com\/in\/adam-grimann-4684a661\/"]}]}},"_links":{"self":[{"href":"https:\/\/www.grimann.de\/pl\/wp-json\/wp\/v2\/posts\/2060","targetHints":{"allow":["GET"]}}],"collection":[{"href":"https:\/\/www.grimann.de\/pl\/wp-json\/wp\/v2\/posts"}],"about":[{"href":"https:\/\/www.grimann.de\/pl\/wp-json\/wp\/v2\/types\/post"}],"author":[{"embeddable":true,"href":"https:\/\/www.grimann.de\/pl\/wp-json\/wp\/v2\/users\/1"}],"replies":[{"embeddable":true,"href":"https:\/\/www.grimann.de\/pl\/wp-json\/wp\/v2\/comments?post=2060"}],"version-history":[{"count":6,"href":"https:\/\/www.grimann.de\/pl\/wp-json\/wp\/v2\/posts\/2060\/revisions"}],"predecessor-version":[{"id":2352,"href":"https:\/\/www.grimann.de\/pl\/wp-json\/wp\/v2\/posts\/2060\/revisions\/2352"}],"wp:featuredmedia":[{"embeddable":true,"href":"https:\/\/www.grimann.de\/pl\/wp-json\/wp\/v2\/media\/2065"}],"wp:attachment":[{"href":"https:\/\/www.grimann.de\/pl\/wp-json\/wp\/v2\/media?parent=2060"}],"wp:term":[{"taxonomy":"category","embeddable":true,"href":"https:\/\/www.grimann.de\/pl\/wp-json\/wp\/v2\/categories?post=2060"},{"taxonomy":"post_tag","embeddable":true,"href":"https:\/\/www.grimann.de\/pl\/wp-json\/wp\/v2\/tags?post=2060"}],"curies":[{"name":"wp","href":"https:\/\/api.w.org\/{rel}","templated":true}]}}