{"id":2355,"date":"2019-06-24T14:45:52","date_gmt":"2019-06-24T12:45:52","guid":{"rendered":"http:\/\/www.grimann.de\/?p=2355"},"modified":"2019-07-03T11:57:19","modified_gmt":"2019-07-03T09:57:19","slug":"bald-offene-ateliers-2019","status":"publish","type":"post","link":"https:\/\/www.grimann.de\/pl\/bald-offene-ateliers-2019\/","title":{"rendered":"ju\u017c niebawem &#8222;dni otwartch drzwi&#8221; w pracowniach artyst\u00f3w w okr\u0119gu Herford"},"content":{"rendered":"<p><span class=\"tlid-translation translation\" lang=\"pl\"><span class=\"\" title=\"\">Zaproszenie<\/span><\/span><\/p>\n<p><span class=\"\" title=\"\">Drodzy mi\u0142o\u015bnicy sztuki i wszyscy, kt\u00f3rzy si\u0119 nimi stan\u0105.<\/span><\/p>\n<p><span class=\"\" title=\"\">Wkr\u00f3tce odb\u0119dzie si\u0119 coroczne &#8222;otwarta pracownia&#8221; w okr\u0119gu Herford.<\/span><\/p>\n<p><!--more--><\/p>\n<p><span class=\"\" title=\"\">Impreza oferuje wyj\u0105tkow\u0105 okazj\u0119 do odwiedzenia miejsc, w kt\u00f3rych powstaj\u0105 tajemnice i fantazje: studia artyst\u00f3w.<\/span> <span class=\"\" title=\"\">Impreza umo\u017cliwia bezpo\u015bredni kontakt i rozmow\u0119 z artystami, pokazanie najnowszych prac lub zdobycie obrazu czy rysunku, w przyst\u0119pnniejszej cenie,\u00a0 bez prowizji galerii (tak rozpocz\u0119\u0142o wielu kolekcjoner\u00f3w sztuki ).<\/span><\/p>\n<p><span title=\"\">Niniejszym zapraszam wszystkich do mnie.<\/span> <span class=\"\" title=\"\">Po raz pierwszy bezpo\u015brednio w moim studio.<\/span> <span class=\"\" title=\"\">W ci\u0105gu ostatnich kilku lat zawsze organizowa\u0142em wystaw\u0119, tym razem pokazuj\u0105c moj\u0105 fabryk\u0119, moj\u0105 ma\u0142\u0105 pracowni\u0119.<\/span><\/p>\n<p><span class=\"\" title=\"\">Czekam ju\u017c niecierpliwie i z rado\u015bci\u0105 na wszystkich zainteresowanych.<\/span><\/p>\n<p><strong>ngg_shortcode_1_placeholder<\/strong><\/p>","protected":false},"excerpt":{"rendered":"<p>&#8230;impreza oferuje wyj\u0105tkow\u0105 okazj\u0119 do odwiedzenia miejsc, w kt\u00f3rych powstaj\u0105 tajemnice i fantazje: studia artyst\u00f3w&#8230;<\/p>\n","protected":false},"author":1,"featured_media":2356,"comment_status":"open","ping_status":"open","sticky":false,"template":"","format":"standard","meta":{"_exactmetrics_skip_tracking":false,"_exactmetrics_sitenote_active":false,"_exactmetrics_sitenote_note":"","_exactmetrics_sitenote_category":0,"ngg_post_thumbnail":0,"ocean_post_layout":"","ocean_both_sidebars_style":"","ocean_both_sidebars_content_width":0,"ocean_both_sidebars_sidebars_width":0,"ocean_sidebar":"","ocean_second_sidebar":"","ocean_disable_margins":"enable","ocean_add_body_class":"","ocean_shortcode_before_top_bar":"","ocean_shortcode_after_top_bar":"","ocean_shortcode_before_header":"","ocean_shortcode_after_header":"","ocean_has_shortcode":"","ocean_shortcode_after_title":"","ocean_shortcode_before_footer_widgets":"","ocean_shortcode_after_footer_widgets":"","ocean_shortcode_before_footer_bottom":"","ocean_shortcode_after_footer_bottom":"","ocean_display_top_bar":"default","ocean_display_header":"default","ocean_header_style":"","ocean_center_header_left_menu":"","ocean_custom_header_template":"","ocean_custom_logo":0,"ocean_custom_retina_logo":0,"ocean_custom_logo_max_width":0,"ocean_custom_logo_tablet_max_width":0,"ocean_custom_logo_mobile_max_width":0,"ocean_custom_logo_max_height":0,"ocean_custom_logo_tablet_max_height":0,"ocean_custom_logo_mobile_max_height":0,"ocean_header_custom_menu":"","ocean_menu_typo_font_family":"","ocean_menu_typo_font_subset":"","ocean_menu_typo_font_size":0,"ocean_menu_typo_font_size_tablet":0,"ocean_menu_typo_font_size_mobile":0,"ocean_menu_typo_font_size_unit":"px","ocean_menu_typo_font_weight":"","ocean_menu_typo_font_weight_tablet":"","ocean_menu_typo_font_weight_mobile":"","ocean_menu_typo_transform":"","ocean_menu_typo_transform_tablet":"","ocean_menu_typo_transform_mobile":"","ocean_menu_typo_line_height":0,"ocean_menu_typo_line_height_tablet":0,"ocean_menu_typo_line_height_mobile":0,"ocean_menu_typo_line_height_unit":"","ocean_menu_typo_spacing":0,"ocean_menu_typo_spacing_tablet":0,"ocean_menu_typo_spacing_mobile":0,"ocean_menu_typo_spacing_unit":"","ocean_menu_link_color":"","ocean_menu_link_color_hover":"","ocean_menu_link_color_active":"","ocean_menu_link_background":"","ocean_menu_link_hover_background":"","ocean_menu_link_active_background":"","ocean_menu_social_links_bg":"","ocean_menu_social_hover_links_bg":"","ocean_menu_social_links_color":"","ocean_menu_social_hover_links_color":"","ocean_disable_title":"default","ocean_disable_heading":"default","ocean_post_title":"","ocean_post_subheading":"","ocean_post_title_style":"","ocean_post_title_background_color":"","ocean_post_title_background":0,"ocean_post_title_bg_image_position":"","ocean_post_title_bg_image_attachment":"","ocean_post_title_bg_image_repeat":"","ocean_post_title_bg_image_size":"","ocean_post_title_height":0,"ocean_post_title_bg_overlay":0.5,"ocean_post_title_bg_overlay_color":"","ocean_disable_breadcrumbs":"default","ocean_breadcrumbs_color":"","ocean_breadcrumbs_separator_color":"","ocean_breadcrumbs_links_color":"","ocean_breadcrumbs_links_hover_color":"","ocean_display_footer_widgets":"default","ocean_display_footer_bottom":"default","ocean_custom_footer_template":"","ocean_post_oembed":"","ocean_post_self_hosted_media":"","ocean_post_video_embed":"","ocean_link_format":"","ocean_link_format_target":"self","ocean_quote_format":"","ocean_quote_format_link":"post","ocean_gallery_link_images":"on","ocean_gallery_id":[],"footnotes":""},"categories":[1,67,26],"tags":[11,210,84,83,594,593,61,53,595,96,95,596,248,250,592,249],"class_list":["post-2355","post","type-post","status-publish","format-standard","has-post-thumbnail","hentry","category-allgemein","category-art-2","category-offene-atelier-2013","tag-adam-grimann","tag-adam-grimann-offene-atelier","tag-art-adam-grimann","tag-art-herford","tag-atelier-grimann-2019","tag-ateliers-herford-2019","tag-ausstellung","tag-besucher","tag-bilder-kaufen-vom-kuenstler","tag-individuelle-kunst","tag-kunst-fuer-inividualisten","tag-offene-atelier-2019-herford","tag-offene-ateliers","tag-offene-ateliers-herford","tag-offene-ateliers-herford-2019","tag-offene-ateliers-kreis-herford","entry","has-media","owp-thumbs-layout-horizontal","owp-btn-normal","owp-tabs-layout-horizontal","has-no-thumbnails","has-product-nav"],"yoast_head":"<!-- This site is optimized with the Yoast SEO plugin v27.4 - https:\/\/yoast.com\/product\/yoast-seo-wordpress\/ -->\n<title>atelier grimann melerei ; adam grimann<\/title>\n<meta name=\"description\" content=\"atelier grimann malerei ; hand; bemalte; schuhe; bilder; \u00f6lbilder; zeichnung;\" \/>\n<meta name=\"robots\" content=\"index, follow, max-snippet:-1, max-image-preview:large, max-video-preview:-1\" \/>\n<link rel=\"canonical\" href=\"https:\/\/www.grimann.de\/bald-offene-ateliers-2019\/\" \/>\n<meta property=\"og:locale\" content=\"pl_PL\" \/>\n<meta property=\"og:type\" content=\"article\" \/>\n<meta property=\"og:title\" content=\"atelier grimann melerei ; adam grimann\" \/>\n<meta property=\"og:description\" content=\"atelier grimann malerei ; hand; bemalte; schuhe; bilder; \u00f6lbilder; zeichnung;\" \/>\n<meta property=\"og:url\" content=\"https:\/\/www.grimann.de\/bald-offene-ateliers-2019\/\" \/>\n<meta property=\"og:site_name\" content=\"my gallery\" \/>\n<meta property=\"article:publisher\" content=\"https:\/\/www.facebook.com\/adam.grimann\" \/>\n<meta property=\"article:author\" content=\"https:\/\/www.facebook.com\/adam.grimann\" \/>\n<meta property=\"article:published_time\" content=\"2019-06-24T12:45:52+00:00\" \/>\n<meta property=\"article:modified_time\" content=\"2019-07-03T09:57:19+00:00\" \/>\n<meta property=\"og:image\" content=\"https:\/\/www.grimann.de\/wp-content\/uploads\/2019\/06\/oa1-e1561379875596.jpg\" \/>\n\t<meta property=\"og:image:width\" content=\"1024\" \/>\n\t<meta property=\"og:image:height\" content=\"768\" \/>\n\t<meta property=\"og:image:type\" content=\"image\/jpeg\" \/>\n<meta name=\"author\" content=\"grimann\" \/>\n<meta name=\"twitter:card\" content=\"summary_large_image\" \/>\n<meta name=\"twitter:label1\" content=\"Napisane przez\" \/>\n\t<meta name=\"twitter:data1\" content=\"grimann\" \/>\n\t<meta name=\"twitter:label2\" content=\"Szacowany czas czytania\" \/>\n\t<meta name=\"twitter:data2\" content=\"1 minuta\" \/>\n<script type=\"application\/ld+json\" class=\"yoast-schema-graph\">{\"@context\":\"https:\\\/\\\/schema.org\",\"@graph\":[{\"@type\":\"Article\",\"@id\":\"https:\\\/\\\/www.grimann.de\\\/bald-offene-ateliers-2019\\\/#article\",\"isPartOf\":{\"@id\":\"https:\\\/\\\/www.grimann.de\\\/bald-offene-ateliers-2019\\\/\"},\"author\":{\"name\":\"grimann\",\"@id\":\"https:\\\/\\\/www.grimann.de\\\/#\\\/schema\\\/person\\\/b85eeb7bb21aee8cb16db5f471df2377\"},\"headline\":\"ju\u017c niebawem &#8222;dni otwartch drzwi&#8221; w pracowniach artyst\u00f3w w okr\u0119gu Herford\",\"datePublished\":\"2019-06-24T12:45:52+00:00\",\"dateModified\":\"2019-07-03T09:57:19+00:00\",\"mainEntityOfPage\":{\"@id\":\"https:\\\/\\\/www.grimann.de\\\/bald-offene-ateliers-2019\\\/\"},\"wordCount\":270,\"commentCount\":0,\"publisher\":{\"@id\":\"https:\\\/\\\/www.grimann.de\\\/#\\\/schema\\\/person\\\/b85eeb7bb21aee8cb16db5f471df2377\"},\"image\":{\"@id\":\"https:\\\/\\\/www.grimann.de\\\/bald-offene-ateliers-2019\\\/#primaryimage\"},\"thumbnailUrl\":\"https:\\\/\\\/www.grimann.de\\\/wp-content\\\/uploads\\\/2019\\\/06\\\/oa1-e1561379875596.jpg\",\"keywords\":[\"Adam Grimann \",\"adam grimann offene atelier\",\"Art Adam Grimann\",\"Art Herford\",\"atelier grimann 2019\",\"ateliers herford 2019\",\"Ausstellung\",\"Besucher\",\"bilder kaufen vom k\u00fcnstler\",\"Individuelle Kunst\",\"Kunst f\u00fcr Inividualisten\",\"offene atelier 2019 herford\",\"offene ateliers\",\"offene ateliers herford\",\"offene ateliers herford 2019\",\"offene ateliers kreis herford\"],\"articleSection\":[\"Allgemein\",\"Art\",\"Otwarte Atelier\"],\"inLanguage\":\"pl-PL\",\"potentialAction\":[{\"@type\":\"CommentAction\",\"name\":\"Comment\",\"target\":[\"https:\\\/\\\/www.grimann.de\\\/bald-offene-ateliers-2019\\\/#respond\"]}]},{\"@type\":\"WebPage\",\"@id\":\"https:\\\/\\\/www.grimann.de\\\/bald-offene-ateliers-2019\\\/\",\"url\":\"https:\\\/\\\/www.grimann.de\\\/bald-offene-ateliers-2019\\\/\",\"name\":\"atelier grimann melerei ; adam grimann\",\"isPartOf\":{\"@id\":\"https:\\\/\\\/www.grimann.de\\\/#website\"},\"primaryImageOfPage\":{\"@id\":\"https:\\\/\\\/www.grimann.de\\\/bald-offene-ateliers-2019\\\/#primaryimage\"},\"image\":{\"@id\":\"https:\\\/\\\/www.grimann.de\\\/bald-offene-ateliers-2019\\\/#primaryimage\"},\"thumbnailUrl\":\"https:\\\/\\\/www.grimann.de\\\/wp-content\\\/uploads\\\/2019\\\/06\\\/oa1-e1561379875596.jpg\",\"datePublished\":\"2019-06-24T12:45:52+00:00\",\"dateModified\":\"2019-07-03T09:57:19+00:00\",\"description\":\"atelier grimann malerei ; hand; bemalte; schuhe; bilder; \u00f6lbilder; zeichnung;\",\"breadcrumb\":{\"@id\":\"https:\\\/\\\/www.grimann.de\\\/bald-offene-ateliers-2019\\\/#breadcrumb\"},\"inLanguage\":\"pl-PL\",\"potentialAction\":[{\"@type\":\"ReadAction\",\"target\":[\"https:\\\/\\\/www.grimann.de\\\/bald-offene-ateliers-2019\\\/\"]}]},{\"@type\":\"ImageObject\",\"inLanguage\":\"pl-PL\",\"@id\":\"https:\\\/\\\/www.grimann.de\\\/bald-offene-ateliers-2019\\\/#primaryimage\",\"url\":\"https:\\\/\\\/www.grimann.de\\\/wp-content\\\/uploads\\\/2019\\\/06\\\/oa1-e1561379875596.jpg\",\"contentUrl\":\"https:\\\/\\\/www.grimann.de\\\/wp-content\\\/uploads\\\/2019\\\/06\\\/oa1-e1561379875596.jpg\",\"width\":1024,\"height\":768},{\"@type\":\"BreadcrumbList\",\"@id\":\"https:\\\/\\\/www.grimann.de\\\/bald-offene-ateliers-2019\\\/#breadcrumb\",\"itemListElement\":[{\"@type\":\"ListItem\",\"position\":1,\"name\":\"Home\",\"item\":\"https:\\\/\\\/www.grimann.de\\\/\"},{\"@type\":\"ListItem\",\"position\":2,\"name\":\"bald Offene Ateliers 2019\"}]},{\"@type\":\"WebSite\",\"@id\":\"https:\\\/\\\/www.grimann.de\\\/#website\",\"url\":\"https:\\\/\\\/www.grimann.de\\\/\",\"name\":\"my gallery\",\"description\":\"adams art\",\"publisher\":{\"@id\":\"https:\\\/\\\/www.grimann.de\\\/#\\\/schema\\\/person\\\/b85eeb7bb21aee8cb16db5f471df2377\"},\"potentialAction\":[{\"@type\":\"SearchAction\",\"target\":{\"@type\":\"EntryPoint\",\"urlTemplate\":\"https:\\\/\\\/www.grimann.de\\\/?s={search_term_string}\"},\"query-input\":{\"@type\":\"PropertyValueSpecification\",\"valueRequired\":true,\"valueName\":\"search_term_string\"}}],\"inLanguage\":\"pl-PL\"},{\"@type\":[\"Person\",\"Organization\"],\"@id\":\"https:\\\/\\\/www.grimann.de\\\/#\\\/schema\\\/person\\\/b85eeb7bb21aee8cb16db5f471df2377\",\"name\":\"grimann\",\"image\":{\"@type\":\"ImageObject\",\"inLanguage\":\"pl-PL\",\"@id\":\"https:\\\/\\\/www.grimann.de\\\/wp-content\\\/uploads\\\/2022\\\/07\\\/signatur1-scaled.jpg\",\"url\":\"https:\\\/\\\/www.grimann.de\\\/wp-content\\\/uploads\\\/2022\\\/07\\\/signatur1-scaled.jpg\",\"contentUrl\":\"https:\\\/\\\/www.grimann.de\\\/wp-content\\\/uploads\\\/2022\\\/07\\\/signatur1-scaled.jpg\",\"width\":2560,\"height\":617,\"caption\":\"grimann\"},\"logo\":{\"@id\":\"https:\\\/\\\/www.grimann.de\\\/wp-content\\\/uploads\\\/2022\\\/07\\\/signatur1-scaled.jpg\"},\"sameAs\":[\"https:\\\/\\\/www.grimann.de\",\"https:\\\/\\\/www.facebook.com\\\/adam.grimann\",\"https:\\\/\\\/www.instagram.com\\\/atelier_grimann\\\/\",\"https:\\\/\\\/www.linkedin.com\\\/in\\\/adam-grimann-4684a661\\\/\"]}]}<\/script>\n<!-- \/ Yoast SEO plugin. -->","yoast_head_json":{"title":"atelier grimann melerei ; adam grimann","description":"atelier grimann malerei ; hand; bemalte; schuhe; bilder; \u00f6lbilder; zeichnung;","robots":{"index":"index","follow":"follow","max-snippet":"max-snippet:-1","max-image-preview":"max-image-preview:large","max-video-preview":"max-video-preview:-1"},"canonical":"https:\/\/www.grimann.de\/bald-offene-ateliers-2019\/","og_locale":"pl_PL","og_type":"article","og_title":"atelier grimann melerei ; adam grimann","og_description":"atelier grimann malerei ; hand; bemalte; schuhe; bilder; \u00f6lbilder; zeichnung;","og_url":"https:\/\/www.grimann.de\/bald-offene-ateliers-2019\/","og_site_name":"my gallery","article_publisher":"https:\/\/www.facebook.com\/adam.grimann","article_author":"https:\/\/www.facebook.com\/adam.grimann","article_published_time":"2019-06-24T12:45:52+00:00","article_modified_time":"2019-07-03T09:57:19+00:00","og_image":[{"width":1024,"height":768,"url":"https:\/\/www.grimann.de\/wp-content\/uploads\/2019\/06\/oa1-e1561379875596.jpg","type":"image\/jpeg"}],"author":"grimann","twitter_card":"summary_large_image","twitter_misc":{"Napisane przez":"grimann","Szacowany czas czytania":"1 minuta"},"schema":{"@context":"https:\/\/schema.org","@graph":[{"@type":"Article","@id":"https:\/\/www.grimann.de\/bald-offene-ateliers-2019\/#article","isPartOf":{"@id":"https:\/\/www.grimann.de\/bald-offene-ateliers-2019\/"},"author":{"name":"grimann","@id":"https:\/\/www.grimann.de\/#\/schema\/person\/b85eeb7bb21aee8cb16db5f471df2377"},"headline":"ju\u017c niebawem &#8222;dni otwartch drzwi&#8221; w pracowniach artyst\u00f3w w okr\u0119gu Herford","datePublished":"2019-06-24T12:45:52+00:00","dateModified":"2019-07-03T09:57:19+00:00","mainEntityOfPage":{"@id":"https:\/\/www.grimann.de\/bald-offene-ateliers-2019\/"},"wordCount":270,"commentCount":0,"publisher":{"@id":"https:\/\/www.grimann.de\/#\/schema\/person\/b85eeb7bb21aee8cb16db5f471df2377"},"image":{"@id":"https:\/\/www.grimann.de\/bald-offene-ateliers-2019\/#primaryimage"},"thumbnailUrl":"https:\/\/www.grimann.de\/wp-content\/uploads\/2019\/06\/oa1-e1561379875596.jpg","keywords":["Adam Grimann ","adam grimann offene atelier","Art Adam Grimann","Art Herford","atelier grimann 2019","ateliers herford 2019","Ausstellung","Besucher","bilder kaufen vom k\u00fcnstler","Individuelle Kunst","Kunst f\u00fcr Inividualisten","offene atelier 2019 herford","offene ateliers","offene ateliers herford","offene ateliers herford 2019","offene ateliers kreis herford"],"articleSection":["Allgemein","Art","Otwarte Atelier"],"inLanguage":"pl-PL","potentialAction":[{"@type":"CommentAction","name":"Comment","target":["https:\/\/www.grimann.de\/bald-offene-ateliers-2019\/#respond"]}]},{"@type":"WebPage","@id":"https:\/\/www.grimann.de\/bald-offene-ateliers-2019\/","url":"https:\/\/www.grimann.de\/bald-offene-ateliers-2019\/","name":"atelier grimann melerei ; adam grimann","isPartOf":{"@id":"https:\/\/www.grimann.de\/#website"},"primaryImageOfPage":{"@id":"https:\/\/www.grimann.de\/bald-offene-ateliers-2019\/#primaryimage"},"image":{"@id":"https:\/\/www.grimann.de\/bald-offene-ateliers-2019\/#primaryimage"},"thumbnailUrl":"https:\/\/www.grimann.de\/wp-content\/uploads\/2019\/06\/oa1-e1561379875596.jpg","datePublished":"2019-06-24T12:45:52+00:00","dateModified":"2019-07-03T09:57:19+00:00","description":"atelier grimann malerei ; hand; bemalte; schuhe; bilder; \u00f6lbilder; zeichnung;","breadcrumb":{"@id":"https:\/\/www.grimann.de\/bald-offene-ateliers-2019\/#breadcrumb"},"inLanguage":"pl-PL","potentialAction":[{"@type":"ReadAction","target":["https:\/\/www.grimann.de\/bald-offene-ateliers-2019\/"]}]},{"@type":"ImageObject","inLanguage":"pl-PL","@id":"https:\/\/www.grimann.de\/bald-offene-ateliers-2019\/#primaryimage","url":"https:\/\/www.grimann.de\/wp-content\/uploads\/2019\/06\/oa1-e1561379875596.jpg","contentUrl":"https:\/\/www.grimann.de\/wp-content\/uploads\/2019\/06\/oa1-e1561379875596.jpg","width":1024,"height":768},{"@type":"BreadcrumbList","@id":"https:\/\/www.grimann.de\/bald-offene-ateliers-2019\/#breadcrumb","itemListElement":[{"@type":"ListItem","position":1,"name":"Home","item":"https:\/\/www.grimann.de\/"},{"@type":"ListItem","position":2,"name":"bald Offene Ateliers 2019"}]},{"@type":"WebSite","@id":"https:\/\/www.grimann.de\/#website","url":"https:\/\/www.grimann.de\/","name":"my gallery","description":"adams art","publisher":{"@id":"https:\/\/www.grimann.de\/#\/schema\/person\/b85eeb7bb21aee8cb16db5f471df2377"},"potentialAction":[{"@type":"SearchAction","target":{"@type":"EntryPoint","urlTemplate":"https:\/\/www.grimann.de\/?s={search_term_string}"},"query-input":{"@type":"PropertyValueSpecification","valueRequired":true,"valueName":"search_term_string"}}],"inLanguage":"pl-PL"},{"@type":["Person","Organization"],"@id":"https:\/\/www.grimann.de\/#\/schema\/person\/b85eeb7bb21aee8cb16db5f471df2377","name":"grimann","image":{"@type":"ImageObject","inLanguage":"pl-PL","@id":"https:\/\/www.grimann.de\/wp-content\/uploads\/2022\/07\/signatur1-scaled.jpg","url":"https:\/\/www.grimann.de\/wp-content\/uploads\/2022\/07\/signatur1-scaled.jpg","contentUrl":"https:\/\/www.grimann.de\/wp-content\/uploads\/2022\/07\/signatur1-scaled.jpg","width":2560,"height":617,"caption":"grimann"},"logo":{"@id":"https:\/\/www.grimann.de\/wp-content\/uploads\/2022\/07\/signatur1-scaled.jpg"},"sameAs":["https:\/\/www.grimann.de","https:\/\/www.facebook.com\/adam.grimann","https:\/\/www.instagram.com\/atelier_grimann\/","https:\/\/www.linkedin.com\/in\/adam-grimann-4684a661\/"]}]}},"_links":{"self":[{"href":"https:\/\/www.grimann.de\/pl\/wp-json\/wp\/v2\/posts\/2355","targetHints":{"allow":["GET"]}}],"collection":[{"href":"https:\/\/www.grimann.de\/pl\/wp-json\/wp\/v2\/posts"}],"about":[{"href":"https:\/\/www.grimann.de\/pl\/wp-json\/wp\/v2\/types\/post"}],"author":[{"embeddable":true,"href":"https:\/\/www.grimann.de\/pl\/wp-json\/wp\/v2\/users\/1"}],"replies":[{"embeddable":true,"href":"https:\/\/www.grimann.de\/pl\/wp-json\/wp\/v2\/comments?post=2355"}],"version-history":[{"count":7,"href":"https:\/\/www.grimann.de\/pl\/wp-json\/wp\/v2\/posts\/2355\/revisions"}],"predecessor-version":[{"id":2365,"href":"https:\/\/www.grimann.de\/pl\/wp-json\/wp\/v2\/posts\/2355\/revisions\/2365"}],"wp:featuredmedia":[{"embeddable":true,"href":"https:\/\/www.grimann.de\/pl\/wp-json\/wp\/v2\/media\/2356"}],"wp:attachment":[{"href":"https:\/\/www.grimann.de\/pl\/wp-json\/wp\/v2\/media?parent=2355"}],"wp:term":[{"taxonomy":"category","embeddable":true,"href":"https:\/\/www.grimann.de\/pl\/wp-json\/wp\/v2\/categories?post=2355"},{"taxonomy":"post_tag","embeddable":true,"href":"https:\/\/www.grimann.de\/pl\/wp-json\/wp\/v2\/tags?post=2355"}],"curies":[{"name":"wp","href":"https:\/\/api.w.org\/{rel}","templated":true}]}}