{"id":2848,"date":"2022-06-09T07:10:55","date_gmt":"2022-06-09T05:10:55","guid":{"rendered":"http:\/\/www.grimann.de\/?p=2848"},"modified":"2022-06-10T11:49:32","modified_gmt":"2022-06-10T09:49:32","slug":"vernissage-ab-morgen-wird-alles-anders","status":"publish","type":"post","link":"https:\/\/www.grimann.de\/pl\/vernissage-ab-morgen-wird-alles-anders\/","title":{"rendered":"Wernisa\u017c: &#8222;Od jutra b\u0119dzie wszystko inaczej&#8221;"},"content":{"rendered":"<p><span class=\"VIiyi\" lang=\"pl\"><span class=\"JLqJ4b ChMk0b\" data-language-for-alternatives=\"pl\" data-language-to-translate-into=\"de\" data-phrase-index=\"0\" data-number-of-phrases=\"19\"><span class=\"Q4iAWc\">Wreszcie kolejny wernisa\u017c.<\/span><\/span> <span class=\"JLqJ4b ChMk0b\" data-language-for-alternatives=\"pl\" data-language-to-translate-into=\"de\" data-phrase-index=\"1\" data-number-of-phrases=\"19\"><span class=\"Q4iAWc\">To takie chwile,<\/span><\/span> <\/span><!--more--><\/p>\n<p><span class=\"VIiyi\" lang=\"pl\"><span class=\"JLqJ4b ChMk0b\" data-language-for-alternatives=\"pl\" data-language-to-translate-into=\"de\" data-phrase-index=\"3\" data-number-of-phrases=\"19\"><span class=\"Q4iAWc\">kt\u00f3re czyni\u0105 \u017cycie ciekawym.<\/span><\/span> <span class=\"JLqJ4b ChMk0b\" data-language-for-alternatives=\"pl\" data-language-to-translate-into=\"de\" data-phrase-index=\"4\" data-number-of-phrases=\"19\"><span class=\"Q4iAWc\">I bardziej zno\u015bnym.<\/span><\/span> <span class=\"JLqJ4b ChMk0b\" data-language-for-alternatives=\"pl\" data-language-to-translate-into=\"de\" data-phrase-index=\"5\" data-number-of-phrases=\"19\"><span class=\"Q4iAWc\">Po raz kolejny uda\u0142o mi si\u0119 wydoby\u0107 tylko pozytywne opinie od odwiedzaj\u0105cych.<\/span><\/span> <span class=\"JLqJ4b ChMk0b\" data-language-for-alternatives=\"pl\" data-language-to-translate-into=\"de\" data-phrase-index=\"6\" data-number-of-phrases=\"19\"><span class=\"Q4iAWc\">Niezmiernie si\u0119 ciesz\u0119, \u017ce tak wiele os\u00f3b przyj\u0119\u0142o moje zaproszenie i \u017ce mogli\u015bmy wreszcie wznie\u015b\u0107 toast za sukces wystawy lampk\u0105 wina.<\/span><\/span> <span class=\"JLqJ4b ChMk0b\" data-language-for-alternatives=\"pl\" data-language-to-translate-into=\"de\" data-phrase-index=\"7\" data-number-of-phrases=\"19\"><span class=\"Q4iAWc\">Jak za dawnych czas\u00f3w.<\/span><\/span> <\/span><\/p>\n<p><span class=\"VIiyi\" lang=\"pl\"><span class=\"JLqJ4b ChMk0b\" data-language-for-alternatives=\"pl\" data-language-to-translate-into=\"de\" data-phrase-index=\"9\" data-number-of-phrases=\"19\"><span class=\"Q4iAWc\">Bardzo dzi\u0119kuj\u0119 wszystkim moim pomocnikom, za wszystkie godziny sp\u0119dzone na przygotowaniach i na wernisa\u017cu.<\/span><\/span> <span class=\"JLqJ4b ChMk0b\" data-language-for-alternatives=\"pl\" data-language-to-translate-into=\"de\" data-phrase-index=\"10\" data-number-of-phrases=\"19\"><span class=\"Q4iAWc\">Nie zrobi\u0142bym tego bez Was \ud83d\ude42<\/span><\/span> <\/span><\/p>\n<p>Dzi\u0119kuj\u0119 serdecznie Pani skrzypaczce za muzyczne u\u015bwietnienie imprezy.<\/p>\n<p><span class=\"VIiyi\" lang=\"pl\"><span class=\"JLqJ4b ChMk0b\" data-language-for-alternatives=\"pl\" data-language-to-translate-into=\"de\" data-phrase-index=\"12\" data-number-of-phrases=\"19\"><span class=\"Q4iAWc\">Wielkie podzi\u0119kowania r\u00f3wnie\u017c dla moich licznych go\u015bci.<\/span><\/span> <span class=\"JLqJ4b ChMk0b\" data-language-for-alternatives=\"pl\" data-language-to-translate-into=\"de\" data-phrase-index=\"13\" data-number-of-phrases=\"19\"><span class=\"Q4iAWc\">Mam nadziej\u0119, \u017ce dobrze si\u0119 bawili.<\/span><\/span><\/span><\/p>\n<p><span class=\"VIiyi\" lang=\"pl\"> <span class=\"JLqJ4b ChMk0b\" data-language-for-alternatives=\"pl\" data-language-to-translate-into=\"de\" data-phrase-index=\"15\" data-number-of-phrases=\"19\"><span class=\"Q4iAWc\">Wystawa jest czynna do 26 czerwca.<\/span><\/span> <span class=\"JLqJ4b ChMk0b\" data-language-for-alternatives=\"pl\" data-language-to-translate-into=\"de\" data-phrase-index=\"16\" data-number-of-phrases=\"19\"><span class=\"Q4iAWc\">(sob.+niedz. 15:00 &#8211; 18:00)<\/span><\/span> <\/span><\/p>\n<p><span class=\"VIiyi\" lang=\"pl\"><span class=\"JLqJ4b ChMk0b\" data-language-for-alternatives=\"pl\" data-language-to-translate-into=\"de\" data-phrase-index=\"18\" data-number-of-phrases=\"19\"><span class=\"Q4iAWc\">Tutaj kilka zdj\u0119\u0107 z wernisa\u017cu.<\/span><\/span><\/span><\/p>\n<p><strong>ngg_shortcode_1_placeholder<\/strong><\/p>","protected":false},"excerpt":{"rendered":"<p>Przepraszamy, ten wpis jest dost\u0119pny tylko w j\u0119zyku Deutsch. For the sake of viewer convenience, the content is shown below in the alternative language. You may click the link to switch the active language.Endlich wieder eine Vernissage. Es sind solche Momente,<\/p>\n","protected":false},"author":1,"featured_media":2850,"comment_status":"open","ping_status":"open","sticky":false,"template":"","format":"standard","meta":{"_exactmetrics_skip_tracking":false,"_exactmetrics_sitenote_active":false,"_exactmetrics_sitenote_note":"","_exactmetrics_sitenote_category":0,"ngg_post_thumbnail":0,"ocean_post_layout":"","ocean_both_sidebars_style":"","ocean_both_sidebars_content_width":0,"ocean_both_sidebars_sidebars_width":0,"ocean_sidebar":"","ocean_second_sidebar":"","ocean_disable_margins":"enable","ocean_add_body_class":"","ocean_shortcode_before_top_bar":"","ocean_shortcode_after_top_bar":"","ocean_shortcode_before_header":"","ocean_shortcode_after_header":"","ocean_has_shortcode":"","ocean_shortcode_after_title":"","ocean_shortcode_before_footer_widgets":"","ocean_shortcode_after_footer_widgets":"","ocean_shortcode_before_footer_bottom":"","ocean_shortcode_after_footer_bottom":"","ocean_display_top_bar":"default","ocean_display_header":"default","ocean_header_style":"","ocean_center_header_left_menu":"","ocean_custom_header_template":"","ocean_custom_logo":0,"ocean_custom_retina_logo":0,"ocean_custom_logo_max_width":0,"ocean_custom_logo_tablet_max_width":0,"ocean_custom_logo_mobile_max_width":0,"ocean_custom_logo_max_height":0,"ocean_custom_logo_tablet_max_height":0,"ocean_custom_logo_mobile_max_height":0,"ocean_header_custom_menu":"","ocean_menu_typo_font_family":"","ocean_menu_typo_font_subset":"","ocean_menu_typo_font_size":0,"ocean_menu_typo_font_size_tablet":0,"ocean_menu_typo_font_size_mobile":0,"ocean_menu_typo_font_size_unit":"px","ocean_menu_typo_font_weight":"","ocean_menu_typo_font_weight_tablet":"","ocean_menu_typo_font_weight_mobile":"","ocean_menu_typo_transform":"","ocean_menu_typo_transform_tablet":"","ocean_menu_typo_transform_mobile":"","ocean_menu_typo_line_height":0,"ocean_menu_typo_line_height_tablet":0,"ocean_menu_typo_line_height_mobile":0,"ocean_menu_typo_line_height_unit":"","ocean_menu_typo_spacing":0,"ocean_menu_typo_spacing_tablet":0,"ocean_menu_typo_spacing_mobile":0,"ocean_menu_typo_spacing_unit":"","ocean_menu_link_color":"","ocean_menu_link_color_hover":"","ocean_menu_link_color_active":"","ocean_menu_link_background":"","ocean_menu_link_hover_background":"","ocean_menu_link_active_background":"","ocean_menu_social_links_bg":"","ocean_menu_social_hover_links_bg":"","ocean_menu_social_links_color":"","ocean_menu_social_hover_links_color":"","ocean_disable_title":"default","ocean_disable_heading":"default","ocean_post_title":"","ocean_post_subheading":"","ocean_post_title_style":"","ocean_post_title_background_color":"","ocean_post_title_background":0,"ocean_post_title_bg_image_position":"","ocean_post_title_bg_image_attachment":"","ocean_post_title_bg_image_repeat":"","ocean_post_title_bg_image_size":"","ocean_post_title_height":0,"ocean_post_title_bg_overlay":0.5,"ocean_post_title_bg_overlay_color":"","ocean_disable_breadcrumbs":"default","ocean_breadcrumbs_color":"","ocean_breadcrumbs_separator_color":"","ocean_breadcrumbs_links_color":"","ocean_breadcrumbs_links_hover_color":"","ocean_display_footer_widgets":"default","ocean_display_footer_bottom":"default","ocean_custom_footer_template":"","ocean_post_oembed":"","ocean_post_self_hosted_media":"","ocean_post_video_embed":"","ocean_link_format":"","ocean_link_format_target":"self","ocean_quote_format":"","ocean_quote_format_link":"post","ocean_gallery_link_images":"on","ocean_gallery_id":[],"footnotes":""},"categories":[1,67],"tags":[724,726,68,728,725,186,729,732,730,733,731,134,727],"class_list":["post-2848","post","type-post","status-publish","format-standard","has-post-thumbnail","hentry","category-allgemein","category-art-2","tag-adamgrimann","tag-adamgrimannfachwerk","tag-das-fachwerk","tag-dasfachwerkbadsalzuflen","tag-einzelausstellung","tag-fachwerk","tag-grimannfachwerk","tag-malarstwogrimann","tag-sztuka","tag-sztukaekscentryczna","tag-sztukagrimann","tag-wernisaz","tag-wystawaindywidualna","entry","has-media","owp-thumbs-layout-horizontal","owp-btn-normal","owp-tabs-layout-horizontal","has-no-thumbnails","has-product-nav"],"yoast_head":"<!-- This site is optimized with the Yoast SEO plugin v27.4 - https:\/\/yoast.com\/product\/yoast-seo-wordpress\/ -->\n<title>atelier grimann melerei ; adam grimann<\/title>\n<meta name=\"description\" content=\"atelier grimann malerei ; hand; bemalte; schuhe; bilder; \u00f6lbilder; zeichnung;\" \/>\n<meta name=\"robots\" content=\"index, follow, max-snippet:-1, max-image-preview:large, max-video-preview:-1\" \/>\n<link rel=\"canonical\" href=\"https:\/\/www.grimann.de\/vernissage-ab-morgen-wird-alles-anders\/\" \/>\n<meta property=\"og:locale\" content=\"pl_PL\" \/>\n<meta property=\"og:type\" content=\"article\" \/>\n<meta property=\"og:title\" content=\"atelier grimann melerei ; adam grimann\" \/>\n<meta property=\"og:description\" content=\"atelier grimann malerei ; hand; bemalte; schuhe; bilder; \u00f6lbilder; zeichnung;\" \/>\n<meta property=\"og:url\" content=\"https:\/\/www.grimann.de\/vernissage-ab-morgen-wird-alles-anders\/\" \/>\n<meta property=\"og:site_name\" content=\"my gallery\" \/>\n<meta property=\"article:publisher\" content=\"https:\/\/www.facebook.com\/adam.grimann\" \/>\n<meta property=\"article:author\" content=\"https:\/\/www.facebook.com\/adam.grimann\" \/>\n<meta property=\"article:published_time\" content=\"2022-06-09T05:10:55+00:00\" \/>\n<meta property=\"article:modified_time\" content=\"2022-06-10T09:49:32+00:00\" \/>\n<meta property=\"og:image\" content=\"https:\/\/www.grimann.de\/wp-content\/uploads\/2022\/06\/20220529_155927.jpg\" \/>\n\t<meta property=\"og:image:width\" content=\"2133\" \/>\n\t<meta property=\"og:image:height\" content=\"1200\" \/>\n\t<meta property=\"og:image:type\" content=\"image\/jpeg\" \/>\n<meta name=\"author\" content=\"grimann\" \/>\n<meta name=\"twitter:card\" content=\"summary_large_image\" \/>\n<meta name=\"twitter:label1\" content=\"Napisane przez\" \/>\n\t<meta name=\"twitter:data1\" content=\"grimann\" \/>\n\t<meta name=\"twitter:label2\" content=\"Szacowany czas czytania\" \/>\n\t<meta name=\"twitter:data2\" content=\"1 minuta\" \/>\n<script type=\"application\/ld+json\" class=\"yoast-schema-graph\">{\"@context\":\"https:\\\/\\\/schema.org\",\"@graph\":[{\"@type\":\"Article\",\"@id\":\"https:\\\/\\\/www.grimann.de\\\/vernissage-ab-morgen-wird-alles-anders\\\/#article\",\"isPartOf\":{\"@id\":\"https:\\\/\\\/www.grimann.de\\\/vernissage-ab-morgen-wird-alles-anders\\\/\"},\"author\":{\"name\":\"grimann\",\"@id\":\"https:\\\/\\\/www.grimann.de\\\/#\\\/schema\\\/person\\\/b85eeb7bb21aee8cb16db5f471df2377\"},\"headline\":\"Wernisa\u017c: &#8222;Od jutra b\u0119dzie wszystko inaczej&#8221;\",\"datePublished\":\"2022-06-09T05:10:55+00:00\",\"dateModified\":\"2022-06-10T09:49:32+00:00\",\"mainEntityOfPage\":{\"@id\":\"https:\\\/\\\/www.grimann.de\\\/vernissage-ab-morgen-wird-alles-anders\\\/\"},\"wordCount\":269,\"commentCount\":0,\"publisher\":{\"@id\":\"https:\\\/\\\/www.grimann.de\\\/#\\\/schema\\\/person\\\/b85eeb7bb21aee8cb16db5f471df2377\"},\"image\":{\"@id\":\"https:\\\/\\\/www.grimann.de\\\/vernissage-ab-morgen-wird-alles-anders\\\/#primaryimage\"},\"thumbnailUrl\":\"https:\\\/\\\/www.grimann.de\\\/wp-content\\\/uploads\\\/2022\\\/06\\\/20220529_155927.jpg\",\"keywords\":[\"adam+grimann\",\"adam+grimann+fachwerk\",\"Das Fachwerk\",\"das+fachwerk+bad+salzuflen\",\"einzelausstellung\",\"fachwerk\",\"grimann+fachwerk\",\"malarstwo+grimann\",\"sztuka\",\"sztuka+ekscentryczna\",\"sztuka+grimann\",\"wernisa\u017c\",\"wystawa+indywidualna\"],\"articleSection\":[\"Allgemein\",\"Art\"],\"inLanguage\":\"pl-PL\",\"potentialAction\":[{\"@type\":\"CommentAction\",\"name\":\"Comment\",\"target\":[\"https:\\\/\\\/www.grimann.de\\\/vernissage-ab-morgen-wird-alles-anders\\\/#respond\"]}]},{\"@type\":\"WebPage\",\"@id\":\"https:\\\/\\\/www.grimann.de\\\/vernissage-ab-morgen-wird-alles-anders\\\/\",\"url\":\"https:\\\/\\\/www.grimann.de\\\/vernissage-ab-morgen-wird-alles-anders\\\/\",\"name\":\"atelier grimann melerei ; adam grimann\",\"isPartOf\":{\"@id\":\"https:\\\/\\\/www.grimann.de\\\/#website\"},\"primaryImageOfPage\":{\"@id\":\"https:\\\/\\\/www.grimann.de\\\/vernissage-ab-morgen-wird-alles-anders\\\/#primaryimage\"},\"image\":{\"@id\":\"https:\\\/\\\/www.grimann.de\\\/vernissage-ab-morgen-wird-alles-anders\\\/#primaryimage\"},\"thumbnailUrl\":\"https:\\\/\\\/www.grimann.de\\\/wp-content\\\/uploads\\\/2022\\\/06\\\/20220529_155927.jpg\",\"datePublished\":\"2022-06-09T05:10:55+00:00\",\"dateModified\":\"2022-06-10T09:49:32+00:00\",\"description\":\"atelier grimann malerei ; hand; bemalte; schuhe; bilder; \u00f6lbilder; zeichnung;\",\"breadcrumb\":{\"@id\":\"https:\\\/\\\/www.grimann.de\\\/vernissage-ab-morgen-wird-alles-anders\\\/#breadcrumb\"},\"inLanguage\":\"pl-PL\",\"potentialAction\":[{\"@type\":\"ReadAction\",\"target\":[\"https:\\\/\\\/www.grimann.de\\\/vernissage-ab-morgen-wird-alles-anders\\\/\"]}]},{\"@type\":\"ImageObject\",\"inLanguage\":\"pl-PL\",\"@id\":\"https:\\\/\\\/www.grimann.de\\\/vernissage-ab-morgen-wird-alles-anders\\\/#primaryimage\",\"url\":\"https:\\\/\\\/www.grimann.de\\\/wp-content\\\/uploads\\\/2022\\\/06\\\/20220529_155927.jpg\",\"contentUrl\":\"https:\\\/\\\/www.grimann.de\\\/wp-content\\\/uploads\\\/2022\\\/06\\\/20220529_155927.jpg\",\"width\":2133,\"height\":1200},{\"@type\":\"BreadcrumbList\",\"@id\":\"https:\\\/\\\/www.grimann.de\\\/vernissage-ab-morgen-wird-alles-anders\\\/#breadcrumb\",\"itemListElement\":[{\"@type\":\"ListItem\",\"position\":1,\"name\":\"Home\",\"item\":\"https:\\\/\\\/www.grimann.de\\\/\"},{\"@type\":\"ListItem\",\"position\":2,\"name\":\"Vernissage: AB MORGEN WIRD ALLES ANDERS\"}]},{\"@type\":\"WebSite\",\"@id\":\"https:\\\/\\\/www.grimann.de\\\/#website\",\"url\":\"https:\\\/\\\/www.grimann.de\\\/\",\"name\":\"my gallery\",\"description\":\"adams art\",\"publisher\":{\"@id\":\"https:\\\/\\\/www.grimann.de\\\/#\\\/schema\\\/person\\\/b85eeb7bb21aee8cb16db5f471df2377\"},\"potentialAction\":[{\"@type\":\"SearchAction\",\"target\":{\"@type\":\"EntryPoint\",\"urlTemplate\":\"https:\\\/\\\/www.grimann.de\\\/?s={search_term_string}\"},\"query-input\":{\"@type\":\"PropertyValueSpecification\",\"valueRequired\":true,\"valueName\":\"search_term_string\"}}],\"inLanguage\":\"pl-PL\"},{\"@type\":[\"Person\",\"Organization\"],\"@id\":\"https:\\\/\\\/www.grimann.de\\\/#\\\/schema\\\/person\\\/b85eeb7bb21aee8cb16db5f471df2377\",\"name\":\"grimann\",\"image\":{\"@type\":\"ImageObject\",\"inLanguage\":\"pl-PL\",\"@id\":\"https:\\\/\\\/www.grimann.de\\\/wp-content\\\/uploads\\\/2022\\\/07\\\/signatur1-scaled.jpg\",\"url\":\"https:\\\/\\\/www.grimann.de\\\/wp-content\\\/uploads\\\/2022\\\/07\\\/signatur1-scaled.jpg\",\"contentUrl\":\"https:\\\/\\\/www.grimann.de\\\/wp-content\\\/uploads\\\/2022\\\/07\\\/signatur1-scaled.jpg\",\"width\":2560,\"height\":617,\"caption\":\"grimann\"},\"logo\":{\"@id\":\"https:\\\/\\\/www.grimann.de\\\/wp-content\\\/uploads\\\/2022\\\/07\\\/signatur1-scaled.jpg\"},\"sameAs\":[\"https:\\\/\\\/www.grimann.de\",\"https:\\\/\\\/www.facebook.com\\\/adam.grimann\",\"https:\\\/\\\/www.instagram.com\\\/atelier_grimann\\\/\",\"https:\\\/\\\/www.linkedin.com\\\/in\\\/adam-grimann-4684a661\\\/\"]}]}<\/script>\n<!-- \/ Yoast SEO plugin. -->","yoast_head_json":{"title":"atelier grimann melerei ; adam grimann","description":"atelier grimann malerei ; hand; bemalte; schuhe; bilder; \u00f6lbilder; zeichnung;","robots":{"index":"index","follow":"follow","max-snippet":"max-snippet:-1","max-image-preview":"max-image-preview:large","max-video-preview":"max-video-preview:-1"},"canonical":"https:\/\/www.grimann.de\/vernissage-ab-morgen-wird-alles-anders\/","og_locale":"pl_PL","og_type":"article","og_title":"atelier grimann melerei ; adam grimann","og_description":"atelier grimann malerei ; hand; bemalte; schuhe; bilder; \u00f6lbilder; zeichnung;","og_url":"https:\/\/www.grimann.de\/vernissage-ab-morgen-wird-alles-anders\/","og_site_name":"my gallery","article_publisher":"https:\/\/www.facebook.com\/adam.grimann","article_author":"https:\/\/www.facebook.com\/adam.grimann","article_published_time":"2022-06-09T05:10:55+00:00","article_modified_time":"2022-06-10T09:49:32+00:00","og_image":[{"width":2133,"height":1200,"url":"https:\/\/www.grimann.de\/wp-content\/uploads\/2022\/06\/20220529_155927.jpg","type":"image\/jpeg"}],"author":"grimann","twitter_card":"summary_large_image","twitter_misc":{"Napisane przez":"grimann","Szacowany czas czytania":"1 minuta"},"schema":{"@context":"https:\/\/schema.org","@graph":[{"@type":"Article","@id":"https:\/\/www.grimann.de\/vernissage-ab-morgen-wird-alles-anders\/#article","isPartOf":{"@id":"https:\/\/www.grimann.de\/vernissage-ab-morgen-wird-alles-anders\/"},"author":{"name":"grimann","@id":"https:\/\/www.grimann.de\/#\/schema\/person\/b85eeb7bb21aee8cb16db5f471df2377"},"headline":"Wernisa\u017c: &#8222;Od jutra b\u0119dzie wszystko inaczej&#8221;","datePublished":"2022-06-09T05:10:55+00:00","dateModified":"2022-06-10T09:49:32+00:00","mainEntityOfPage":{"@id":"https:\/\/www.grimann.de\/vernissage-ab-morgen-wird-alles-anders\/"},"wordCount":269,"commentCount":0,"publisher":{"@id":"https:\/\/www.grimann.de\/#\/schema\/person\/b85eeb7bb21aee8cb16db5f471df2377"},"image":{"@id":"https:\/\/www.grimann.de\/vernissage-ab-morgen-wird-alles-anders\/#primaryimage"},"thumbnailUrl":"https:\/\/www.grimann.de\/wp-content\/uploads\/2022\/06\/20220529_155927.jpg","keywords":["adam+grimann","adam+grimann+fachwerk","Das Fachwerk","das+fachwerk+bad+salzuflen","einzelausstellung","fachwerk","grimann+fachwerk","malarstwo+grimann","sztuka","sztuka+ekscentryczna","sztuka+grimann","wernisa\u017c","wystawa+indywidualna"],"articleSection":["Allgemein","Art"],"inLanguage":"pl-PL","potentialAction":[{"@type":"CommentAction","name":"Comment","target":["https:\/\/www.grimann.de\/vernissage-ab-morgen-wird-alles-anders\/#respond"]}]},{"@type":"WebPage","@id":"https:\/\/www.grimann.de\/vernissage-ab-morgen-wird-alles-anders\/","url":"https:\/\/www.grimann.de\/vernissage-ab-morgen-wird-alles-anders\/","name":"atelier grimann melerei ; adam grimann","isPartOf":{"@id":"https:\/\/www.grimann.de\/#website"},"primaryImageOfPage":{"@id":"https:\/\/www.grimann.de\/vernissage-ab-morgen-wird-alles-anders\/#primaryimage"},"image":{"@id":"https:\/\/www.grimann.de\/vernissage-ab-morgen-wird-alles-anders\/#primaryimage"},"thumbnailUrl":"https:\/\/www.grimann.de\/wp-content\/uploads\/2022\/06\/20220529_155927.jpg","datePublished":"2022-06-09T05:10:55+00:00","dateModified":"2022-06-10T09:49:32+00:00","description":"atelier grimann malerei ; hand; bemalte; schuhe; bilder; \u00f6lbilder; zeichnung;","breadcrumb":{"@id":"https:\/\/www.grimann.de\/vernissage-ab-morgen-wird-alles-anders\/#breadcrumb"},"inLanguage":"pl-PL","potentialAction":[{"@type":"ReadAction","target":["https:\/\/www.grimann.de\/vernissage-ab-morgen-wird-alles-anders\/"]}]},{"@type":"ImageObject","inLanguage":"pl-PL","@id":"https:\/\/www.grimann.de\/vernissage-ab-morgen-wird-alles-anders\/#primaryimage","url":"https:\/\/www.grimann.de\/wp-content\/uploads\/2022\/06\/20220529_155927.jpg","contentUrl":"https:\/\/www.grimann.de\/wp-content\/uploads\/2022\/06\/20220529_155927.jpg","width":2133,"height":1200},{"@type":"BreadcrumbList","@id":"https:\/\/www.grimann.de\/vernissage-ab-morgen-wird-alles-anders\/#breadcrumb","itemListElement":[{"@type":"ListItem","position":1,"name":"Home","item":"https:\/\/www.grimann.de\/"},{"@type":"ListItem","position":2,"name":"Vernissage: AB MORGEN WIRD ALLES ANDERS"}]},{"@type":"WebSite","@id":"https:\/\/www.grimann.de\/#website","url":"https:\/\/www.grimann.de\/","name":"my gallery","description":"adams art","publisher":{"@id":"https:\/\/www.grimann.de\/#\/schema\/person\/b85eeb7bb21aee8cb16db5f471df2377"},"potentialAction":[{"@type":"SearchAction","target":{"@type":"EntryPoint","urlTemplate":"https:\/\/www.grimann.de\/?s={search_term_string}"},"query-input":{"@type":"PropertyValueSpecification","valueRequired":true,"valueName":"search_term_string"}}],"inLanguage":"pl-PL"},{"@type":["Person","Organization"],"@id":"https:\/\/www.grimann.de\/#\/schema\/person\/b85eeb7bb21aee8cb16db5f471df2377","name":"grimann","image":{"@type":"ImageObject","inLanguage":"pl-PL","@id":"https:\/\/www.grimann.de\/wp-content\/uploads\/2022\/07\/signatur1-scaled.jpg","url":"https:\/\/www.grimann.de\/wp-content\/uploads\/2022\/07\/signatur1-scaled.jpg","contentUrl":"https:\/\/www.grimann.de\/wp-content\/uploads\/2022\/07\/signatur1-scaled.jpg","width":2560,"height":617,"caption":"grimann"},"logo":{"@id":"https:\/\/www.grimann.de\/wp-content\/uploads\/2022\/07\/signatur1-scaled.jpg"},"sameAs":["https:\/\/www.grimann.de","https:\/\/www.facebook.com\/adam.grimann","https:\/\/www.instagram.com\/atelier_grimann\/","https:\/\/www.linkedin.com\/in\/adam-grimann-4684a661\/"]}]}},"_links":{"self":[{"href":"https:\/\/www.grimann.de\/pl\/wp-json\/wp\/v2\/posts\/2848","targetHints":{"allow":["GET"]}}],"collection":[{"href":"https:\/\/www.grimann.de\/pl\/wp-json\/wp\/v2\/posts"}],"about":[{"href":"https:\/\/www.grimann.de\/pl\/wp-json\/wp\/v2\/types\/post"}],"author":[{"embeddable":true,"href":"https:\/\/www.grimann.de\/pl\/wp-json\/wp\/v2\/users\/1"}],"replies":[{"embeddable":true,"href":"https:\/\/www.grimann.de\/pl\/wp-json\/wp\/v2\/comments?post=2848"}],"version-history":[{"count":8,"href":"https:\/\/www.grimann.de\/pl\/wp-json\/wp\/v2\/posts\/2848\/revisions"}],"predecessor-version":[{"id":2859,"href":"https:\/\/www.grimann.de\/pl\/wp-json\/wp\/v2\/posts\/2848\/revisions\/2859"}],"wp:featuredmedia":[{"embeddable":true,"href":"https:\/\/www.grimann.de\/pl\/wp-json\/wp\/v2\/media\/2850"}],"wp:attachment":[{"href":"https:\/\/www.grimann.de\/pl\/wp-json\/wp\/v2\/media?parent=2848"}],"wp:term":[{"taxonomy":"category","embeddable":true,"href":"https:\/\/www.grimann.de\/pl\/wp-json\/wp\/v2\/categories?post=2848"},{"taxonomy":"post_tag","embeddable":true,"href":"https:\/\/www.grimann.de\/pl\/wp-json\/wp\/v2\/tags?post=2848"}],"curies":[{"name":"wp","href":"https:\/\/api.w.org\/{rel}","templated":true}]}}