{"id":3560,"date":"2025-01-28T21:43:21","date_gmt":"2025-01-28T19:43:21","guid":{"rendered":"https:\/\/www.grimann.de\/?p=3560"},"modified":"2025-01-28T22:51:22","modified_gmt":"2025-01-28T20:51:22","slug":"bbk-owl-die-vernissage","status":"publish","type":"post","link":"https:\/\/www.grimann.de\/pl\/bbk-owl-die-vernissage\/","title":{"rendered":"BBK &#8211; wernisa\u017c"},"content":{"rendered":"<p>Niedzielny wernisa\u017c odwiedzi\u0142o bardzo wielu go\u015bci&#8230;<\/p>\n<p><!--more-->Znaczenie tej wsp\u00f3lnej wystawy polega\u0142o na przedstawieniu si\u0119 dziesi\u0119ciu nowych cz\u0142onk\u00f3w BBK-OWL, Federalnego Stowarzyszenia Artyst\u00f3w . Ka\u017cdego z naszej dziesi\u0105tki reprezentowa\u0142o jego kilka prac.<\/p>\n<p>Moja autopromocja to cztery obrazy, kt\u00f3re chcia\u0142em zaprezentowa\u0107 w ramce, jako ca\u0142o\u015b\u0107. Zadanie narzucone przez samego siebie nie by\u0142o \u0142atwe, poniewa\u017c ka\u017cda z prac jest samoistna, ka\u017cda opowiada swoj\u0105 w\u0142asn\u0105 histori\u0119. Na potrzeby tego pomys\u0142u zgrupowa\u0142em wszystkie prace pod&nbsp; mottem &#8222;Maska&#8221; i tak podszed\u0142em do tematu. Przyci\u0105gni\u0119ciem wzroku nad moim obszarem, zaj\u0119\u0142a si\u0119 du\u017ca maska \u200b\u200btekturowa. Obok obraz\u00f3w zawiesi\u0142em pisemne my\u015bli w postaci ma\u0142ych masek. I przygotowa\u0142em performance, co powinno pom\u00f3c zrealizowa\u0107 m\u00f3j pomys\u0142 do ko\u0144ca i osi\u0105gn\u0105\u0107 zamierzony cel.<\/p>\n<p>Stworzy\u0142em r\u00f3wnie\u017c mask\u0119 dla siebie, a kiedy wpadli pierwsi go\u015bcie, w\u0142o\u017cy\u0142em mask\u0119, w\u0142o\u017cy\u0142em czerwone r\u0119kawiczki i usiad\u0142em na pod\u0142odze w k\u0105cie, blisko moich prac. Wi\u0119c siedzia\u0142em tam bez ruchu, dop\u00f3ki nie zako\u0144czy\u0142a si\u0119 wprowadzaj\u0105ca runda moich nowych i kole\u017canek i koleg\u00f3w, kt\u00f3rzy opowiadali o sobie i swojej sztuce. Zaj\u0119\u0142o to dobre trzy czwarte godziny, w kt\u00f3rych niektorzy go\u015bcie w\u0105tpili, czy wci\u0105\u017c \u017cyj\u0119 pod mask\u0105, i czy przynajmniej dostaj\u0119 wystarczaj\u0105c\u0105 ilo\u015b\u0107 powietrza. Ja z mojej strony mog\u0142em siedzie\u0107 znacznie d\u0142u\u017cej, poniewa\u017c zabawnie by\u0142o patrze\u0107, jak ludzie reaguj\u0105 na mnie. A reakcje by\u0142y bardzo pozytywne, co mi przyjemnie mnie zaskoczy\u0142o. Po wstaniu czerwone r\u0119kawiczki i maska \u200b\u200bzosta\u0142y zdj\u0119te, a ja natychmiast otrzyma\u0142em oklaski, kt\u00f3rych si\u0119 nie spodziewa\u0142em. Nast\u0119pnie powiedzia\u0142em troch\u0119 i zako\u0144czy\u0142em swoj\u0105 performance ostatni\u0105 czynno\u015bci\u0105, kt\u00f3r\u0105 by\u0142o za\u0142o\u017cenie sk\u00f3rzanych masek postaciom w moich czterech obrazach. Tym samym moja ma\u0142a wystawa pod mottem &#8222;Maska&#8221; by\u0142a kompletna.<\/p>\n<p>ngg_shortcode_1_placeholder<\/p>","protected":false},"excerpt":{"rendered":"<p>Przepraszamy, ten wpis jest dost\u0119pny tylko w j\u0119zyku Deutsch. For the sake of viewer convenience, the content is shown below in the alternative language. You may click the link to switch the active language.Die Vernissage am Sonntag war von vielen G\u00e4sten&#8230;<\/p>\n","protected":false},"author":1,"featured_media":3561,"comment_status":"open","ping_status":"open","sticky":false,"template":"","format":"standard","meta":{"_exactmetrics_skip_tracking":false,"_exactmetrics_sitenote_active":false,"_exactmetrics_sitenote_note":"","_exactmetrics_sitenote_category":0,"ngg_post_thumbnail":0,"ocean_post_layout":"","ocean_both_sidebars_style":"","ocean_both_sidebars_content_width":0,"ocean_both_sidebars_sidebars_width":0,"ocean_sidebar":"0","ocean_second_sidebar":"0","ocean_disable_margins":"enable","ocean_add_body_class":"","ocean_shortcode_before_top_bar":"","ocean_shortcode_after_top_bar":"","ocean_shortcode_before_header":"","ocean_shortcode_after_header":"","ocean_has_shortcode":"","ocean_shortcode_after_title":"","ocean_shortcode_before_footer_widgets":"","ocean_shortcode_after_footer_widgets":"","ocean_shortcode_before_footer_bottom":"","ocean_shortcode_after_footer_bottom":"","ocean_display_top_bar":"default","ocean_display_header":"default","ocean_header_style":"","ocean_center_header_left_menu":"0","ocean_custom_header_template":"0","ocean_custom_logo":0,"ocean_custom_retina_logo":0,"ocean_custom_logo_max_width":0,"ocean_custom_logo_tablet_max_width":0,"ocean_custom_logo_mobile_max_width":0,"ocean_custom_logo_max_height":0,"ocean_custom_logo_tablet_max_height":0,"ocean_custom_logo_mobile_max_height":0,"ocean_header_custom_menu":"0","ocean_menu_typo_font_family":"0","ocean_menu_typo_font_subset":"","ocean_menu_typo_font_size":0,"ocean_menu_typo_font_size_tablet":0,"ocean_menu_typo_font_size_mobile":0,"ocean_menu_typo_font_size_unit":"px","ocean_menu_typo_font_weight":"","ocean_menu_typo_font_weight_tablet":"","ocean_menu_typo_font_weight_mobile":"","ocean_menu_typo_transform":"","ocean_menu_typo_transform_tablet":"","ocean_menu_typo_transform_mobile":"","ocean_menu_typo_line_height":0,"ocean_menu_typo_line_height_tablet":0,"ocean_menu_typo_line_height_mobile":0,"ocean_menu_typo_line_height_unit":"","ocean_menu_typo_spacing":0,"ocean_menu_typo_spacing_tablet":0,"ocean_menu_typo_spacing_mobile":0,"ocean_menu_typo_spacing_unit":"","ocean_menu_link_color":"","ocean_menu_link_color_hover":"","ocean_menu_link_color_active":"","ocean_menu_link_background":"","ocean_menu_link_hover_background":"","ocean_menu_link_active_background":"","ocean_menu_social_links_bg":"","ocean_menu_social_hover_links_bg":"","ocean_menu_social_links_color":"","ocean_menu_social_hover_links_color":"","ocean_disable_title":"default","ocean_disable_heading":"default","ocean_post_title":"","ocean_post_subheading":"","ocean_post_title_style":"","ocean_post_title_background_color":"","ocean_post_title_background":0,"ocean_post_title_bg_image_position":"","ocean_post_title_bg_image_attachment":"","ocean_post_title_bg_image_repeat":"","ocean_post_title_bg_image_size":"","ocean_post_title_height":0,"ocean_post_title_bg_overlay":0.5,"ocean_post_title_bg_overlay_color":"","ocean_disable_breadcrumbs":"default","ocean_breadcrumbs_color":"","ocean_breadcrumbs_separator_color":"","ocean_breadcrumbs_links_color":"","ocean_breadcrumbs_links_hover_color":"","ocean_display_footer_widgets":"default","ocean_display_footer_bottom":"default","ocean_custom_footer_template":"0","ocean_post_oembed":"","ocean_post_self_hosted_media":"","ocean_post_video_embed":"","ocean_link_format":"","ocean_link_format_target":"self","ocean_quote_format":"","ocean_quote_format_link":"post","ocean_gallery_link_images":"on","ocean_gallery_id":[],"footnotes":""},"categories":[1,67],"tags":[],"class_list":["post-3560","post","type-post","status-publish","format-standard","has-post-thumbnail","hentry","category-allgemein","category-art-2","entry","has-media","owp-thumbs-layout-horizontal","owp-btn-normal","owp-tabs-layout-horizontal","has-no-thumbnails","has-product-nav"],"yoast_head":"<!-- This site is optimized with the Yoast SEO plugin v27.4 - https:\/\/yoast.com\/product\/yoast-seo-wordpress\/ -->\n<title>atelier grimann melerei ; adam grimann<\/title>\n<meta name=\"description\" content=\"atelier grimann malerei ; hand; bemalte; schuhe; bilder; \u00f6lbilder; zeichnung;\" \/>\n<meta name=\"robots\" content=\"index, follow, max-snippet:-1, max-image-preview:large, max-video-preview:-1\" \/>\n<link rel=\"canonical\" href=\"https:\/\/www.grimann.de\/bbk-owl-die-vernissage\/\" \/>\n<meta property=\"og:locale\" content=\"pl_PL\" \/>\n<meta property=\"og:type\" content=\"article\" \/>\n<meta property=\"og:title\" content=\"atelier grimann melerei ; adam grimann\" \/>\n<meta property=\"og:description\" content=\"atelier grimann malerei ; hand; bemalte; schuhe; bilder; \u00f6lbilder; zeichnung;\" \/>\n<meta property=\"og:url\" content=\"https:\/\/www.grimann.de\/bbk-owl-die-vernissage\/\" \/>\n<meta property=\"og:site_name\" content=\"my gallery\" \/>\n<meta property=\"article:publisher\" content=\"https:\/\/www.facebook.com\/adam.grimann\" \/>\n<meta property=\"article:author\" content=\"https:\/\/www.facebook.com\/adam.grimann\" \/>\n<meta property=\"article:published_time\" content=\"2025-01-28T19:43:21+00:00\" \/>\n<meta property=\"article:modified_time\" content=\"2025-01-28T20:51:22+00:00\" \/>\n<meta property=\"og:image\" content=\"https:\/\/www.grimann.de\/wp-content\/uploads\/2025\/01\/IMG-20250126-WA0017.jpg\" \/>\n\t<meta property=\"og:image:width\" content=\"2048\" \/>\n\t<meta property=\"og:image:height\" content=\"1152\" \/>\n\t<meta property=\"og:image:type\" content=\"image\/jpeg\" \/>\n<meta name=\"author\" content=\"grimann\" \/>\n<meta name=\"twitter:card\" content=\"summary_large_image\" \/>\n<meta name=\"twitter:label1\" content=\"Napisane przez\" \/>\n\t<meta name=\"twitter:data1\" content=\"grimann\" \/>\n\t<meta name=\"twitter:label2\" content=\"Szacowany czas czytania\" \/>\n\t<meta name=\"twitter:data2\" content=\"2 minuty\" \/>\n<script type=\"application\/ld+json\" class=\"yoast-schema-graph\">{\"@context\":\"https:\\\/\\\/schema.org\",\"@graph\":[{\"@type\":\"Article\",\"@id\":\"https:\\\/\\\/www.grimann.de\\\/bbk-owl-die-vernissage\\\/#article\",\"isPartOf\":{\"@id\":\"https:\\\/\\\/www.grimann.de\\\/bbk-owl-die-vernissage\\\/\"},\"author\":{\"name\":\"grimann\",\"@id\":\"https:\\\/\\\/www.grimann.de\\\/#\\\/schema\\\/person\\\/b85eeb7bb21aee8cb16db5f471df2377\"},\"headline\":\"BBK &#8211; wernisa\u017c\",\"datePublished\":\"2025-01-28T19:43:21+00:00\",\"dateModified\":\"2025-01-28T20:51:22+00:00\",\"mainEntityOfPage\":{\"@id\":\"https:\\\/\\\/www.grimann.de\\\/bbk-owl-die-vernissage\\\/\"},\"wordCount\":680,\"commentCount\":0,\"publisher\":{\"@id\":\"https:\\\/\\\/www.grimann.de\\\/#\\\/schema\\\/person\\\/b85eeb7bb21aee8cb16db5f471df2377\"},\"image\":{\"@id\":\"https:\\\/\\\/www.grimann.de\\\/bbk-owl-die-vernissage\\\/#primaryimage\"},\"thumbnailUrl\":\"https:\\\/\\\/www.grimann.de\\\/wp-content\\\/uploads\\\/2025\\\/01\\\/IMG-20250126-WA0017.jpg\",\"articleSection\":[\"Allgemein\",\"Art\"],\"inLanguage\":\"pl-PL\",\"potentialAction\":[{\"@type\":\"CommentAction\",\"name\":\"Comment\",\"target\":[\"https:\\\/\\\/www.grimann.de\\\/bbk-owl-die-vernissage\\\/#respond\"]}]},{\"@type\":\"WebPage\",\"@id\":\"https:\\\/\\\/www.grimann.de\\\/bbk-owl-die-vernissage\\\/\",\"url\":\"https:\\\/\\\/www.grimann.de\\\/bbk-owl-die-vernissage\\\/\",\"name\":\"atelier grimann melerei ; adam grimann\",\"isPartOf\":{\"@id\":\"https:\\\/\\\/www.grimann.de\\\/#website\"},\"primaryImageOfPage\":{\"@id\":\"https:\\\/\\\/www.grimann.de\\\/bbk-owl-die-vernissage\\\/#primaryimage\"},\"image\":{\"@id\":\"https:\\\/\\\/www.grimann.de\\\/bbk-owl-die-vernissage\\\/#primaryimage\"},\"thumbnailUrl\":\"https:\\\/\\\/www.grimann.de\\\/wp-content\\\/uploads\\\/2025\\\/01\\\/IMG-20250126-WA0017.jpg\",\"datePublished\":\"2025-01-28T19:43:21+00:00\",\"dateModified\":\"2025-01-28T20:51:22+00:00\",\"description\":\"atelier grimann malerei ; hand; bemalte; schuhe; bilder; \u00f6lbilder; zeichnung;\",\"breadcrumb\":{\"@id\":\"https:\\\/\\\/www.grimann.de\\\/bbk-owl-die-vernissage\\\/#breadcrumb\"},\"inLanguage\":\"pl-PL\",\"potentialAction\":[{\"@type\":\"ReadAction\",\"target\":[\"https:\\\/\\\/www.grimann.de\\\/bbk-owl-die-vernissage\\\/\"]}]},{\"@type\":\"ImageObject\",\"inLanguage\":\"pl-PL\",\"@id\":\"https:\\\/\\\/www.grimann.de\\\/bbk-owl-die-vernissage\\\/#primaryimage\",\"url\":\"https:\\\/\\\/www.grimann.de\\\/wp-content\\\/uploads\\\/2025\\\/01\\\/IMG-20250126-WA0017.jpg\",\"contentUrl\":\"https:\\\/\\\/www.grimann.de\\\/wp-content\\\/uploads\\\/2025\\\/01\\\/IMG-20250126-WA0017.jpg\",\"width\":2048,\"height\":1152},{\"@type\":\"BreadcrumbList\",\"@id\":\"https:\\\/\\\/www.grimann.de\\\/bbk-owl-die-vernissage\\\/#breadcrumb\",\"itemListElement\":[{\"@type\":\"ListItem\",\"position\":1,\"name\":\"Home\",\"item\":\"https:\\\/\\\/www.grimann.de\\\/\"},{\"@type\":\"ListItem\",\"position\":2,\"name\":\"BBK-OWL, die Vernissage\"}]},{\"@type\":\"WebSite\",\"@id\":\"https:\\\/\\\/www.grimann.de\\\/#website\",\"url\":\"https:\\\/\\\/www.grimann.de\\\/\",\"name\":\"my gallery\",\"description\":\"adams art\",\"publisher\":{\"@id\":\"https:\\\/\\\/www.grimann.de\\\/#\\\/schema\\\/person\\\/b85eeb7bb21aee8cb16db5f471df2377\"},\"potentialAction\":[{\"@type\":\"SearchAction\",\"target\":{\"@type\":\"EntryPoint\",\"urlTemplate\":\"https:\\\/\\\/www.grimann.de\\\/?s={search_term_string}\"},\"query-input\":{\"@type\":\"PropertyValueSpecification\",\"valueRequired\":true,\"valueName\":\"search_term_string\"}}],\"inLanguage\":\"pl-PL\"},{\"@type\":[\"Person\",\"Organization\"],\"@id\":\"https:\\\/\\\/www.grimann.de\\\/#\\\/schema\\\/person\\\/b85eeb7bb21aee8cb16db5f471df2377\",\"name\":\"grimann\",\"image\":{\"@type\":\"ImageObject\",\"inLanguage\":\"pl-PL\",\"@id\":\"https:\\\/\\\/www.grimann.de\\\/wp-content\\\/uploads\\\/2022\\\/07\\\/signatur1-scaled.jpg\",\"url\":\"https:\\\/\\\/www.grimann.de\\\/wp-content\\\/uploads\\\/2022\\\/07\\\/signatur1-scaled.jpg\",\"contentUrl\":\"https:\\\/\\\/www.grimann.de\\\/wp-content\\\/uploads\\\/2022\\\/07\\\/signatur1-scaled.jpg\",\"width\":2560,\"height\":617,\"caption\":\"grimann\"},\"logo\":{\"@id\":\"https:\\\/\\\/www.grimann.de\\\/wp-content\\\/uploads\\\/2022\\\/07\\\/signatur1-scaled.jpg\"},\"sameAs\":[\"https:\\\/\\\/www.grimann.de\",\"https:\\\/\\\/www.facebook.com\\\/adam.grimann\",\"https:\\\/\\\/www.instagram.com\\\/atelier_grimann\\\/\",\"https:\\\/\\\/www.linkedin.com\\\/in\\\/adam-grimann-4684a661\\\/\"]}]}<\/script>\n<!-- \/ Yoast SEO plugin. -->","yoast_head_json":{"title":"atelier grimann melerei ; adam grimann","description":"atelier grimann malerei ; hand; bemalte; schuhe; bilder; \u00f6lbilder; zeichnung;","robots":{"index":"index","follow":"follow","max-snippet":"max-snippet:-1","max-image-preview":"max-image-preview:large","max-video-preview":"max-video-preview:-1"},"canonical":"https:\/\/www.grimann.de\/bbk-owl-die-vernissage\/","og_locale":"pl_PL","og_type":"article","og_title":"atelier grimann melerei ; adam grimann","og_description":"atelier grimann malerei ; hand; bemalte; schuhe; bilder; \u00f6lbilder; zeichnung;","og_url":"https:\/\/www.grimann.de\/bbk-owl-die-vernissage\/","og_site_name":"my gallery","article_publisher":"https:\/\/www.facebook.com\/adam.grimann","article_author":"https:\/\/www.facebook.com\/adam.grimann","article_published_time":"2025-01-28T19:43:21+00:00","article_modified_time":"2025-01-28T20:51:22+00:00","og_image":[{"width":2048,"height":1152,"url":"https:\/\/www.grimann.de\/wp-content\/uploads\/2025\/01\/IMG-20250126-WA0017.jpg","type":"image\/jpeg"}],"author":"grimann","twitter_card":"summary_large_image","twitter_misc":{"Napisane przez":"grimann","Szacowany czas czytania":"2 minuty"},"schema":{"@context":"https:\/\/schema.org","@graph":[{"@type":"Article","@id":"https:\/\/www.grimann.de\/bbk-owl-die-vernissage\/#article","isPartOf":{"@id":"https:\/\/www.grimann.de\/bbk-owl-die-vernissage\/"},"author":{"name":"grimann","@id":"https:\/\/www.grimann.de\/#\/schema\/person\/b85eeb7bb21aee8cb16db5f471df2377"},"headline":"BBK &#8211; wernisa\u017c","datePublished":"2025-01-28T19:43:21+00:00","dateModified":"2025-01-28T20:51:22+00:00","mainEntityOfPage":{"@id":"https:\/\/www.grimann.de\/bbk-owl-die-vernissage\/"},"wordCount":680,"commentCount":0,"publisher":{"@id":"https:\/\/www.grimann.de\/#\/schema\/person\/b85eeb7bb21aee8cb16db5f471df2377"},"image":{"@id":"https:\/\/www.grimann.de\/bbk-owl-die-vernissage\/#primaryimage"},"thumbnailUrl":"https:\/\/www.grimann.de\/wp-content\/uploads\/2025\/01\/IMG-20250126-WA0017.jpg","articleSection":["Allgemein","Art"],"inLanguage":"pl-PL","potentialAction":[{"@type":"CommentAction","name":"Comment","target":["https:\/\/www.grimann.de\/bbk-owl-die-vernissage\/#respond"]}]},{"@type":"WebPage","@id":"https:\/\/www.grimann.de\/bbk-owl-die-vernissage\/","url":"https:\/\/www.grimann.de\/bbk-owl-die-vernissage\/","name":"atelier grimann melerei ; adam grimann","isPartOf":{"@id":"https:\/\/www.grimann.de\/#website"},"primaryImageOfPage":{"@id":"https:\/\/www.grimann.de\/bbk-owl-die-vernissage\/#primaryimage"},"image":{"@id":"https:\/\/www.grimann.de\/bbk-owl-die-vernissage\/#primaryimage"},"thumbnailUrl":"https:\/\/www.grimann.de\/wp-content\/uploads\/2025\/01\/IMG-20250126-WA0017.jpg","datePublished":"2025-01-28T19:43:21+00:00","dateModified":"2025-01-28T20:51:22+00:00","description":"atelier grimann malerei ; hand; bemalte; schuhe; bilder; \u00f6lbilder; zeichnung;","breadcrumb":{"@id":"https:\/\/www.grimann.de\/bbk-owl-die-vernissage\/#breadcrumb"},"inLanguage":"pl-PL","potentialAction":[{"@type":"ReadAction","target":["https:\/\/www.grimann.de\/bbk-owl-die-vernissage\/"]}]},{"@type":"ImageObject","inLanguage":"pl-PL","@id":"https:\/\/www.grimann.de\/bbk-owl-die-vernissage\/#primaryimage","url":"https:\/\/www.grimann.de\/wp-content\/uploads\/2025\/01\/IMG-20250126-WA0017.jpg","contentUrl":"https:\/\/www.grimann.de\/wp-content\/uploads\/2025\/01\/IMG-20250126-WA0017.jpg","width":2048,"height":1152},{"@type":"BreadcrumbList","@id":"https:\/\/www.grimann.de\/bbk-owl-die-vernissage\/#breadcrumb","itemListElement":[{"@type":"ListItem","position":1,"name":"Home","item":"https:\/\/www.grimann.de\/"},{"@type":"ListItem","position":2,"name":"BBK-OWL, die Vernissage"}]},{"@type":"WebSite","@id":"https:\/\/www.grimann.de\/#website","url":"https:\/\/www.grimann.de\/","name":"my gallery","description":"adams art","publisher":{"@id":"https:\/\/www.grimann.de\/#\/schema\/person\/b85eeb7bb21aee8cb16db5f471df2377"},"potentialAction":[{"@type":"SearchAction","target":{"@type":"EntryPoint","urlTemplate":"https:\/\/www.grimann.de\/?s={search_term_string}"},"query-input":{"@type":"PropertyValueSpecification","valueRequired":true,"valueName":"search_term_string"}}],"inLanguage":"pl-PL"},{"@type":["Person","Organization"],"@id":"https:\/\/www.grimann.de\/#\/schema\/person\/b85eeb7bb21aee8cb16db5f471df2377","name":"grimann","image":{"@type":"ImageObject","inLanguage":"pl-PL","@id":"https:\/\/www.grimann.de\/wp-content\/uploads\/2022\/07\/signatur1-scaled.jpg","url":"https:\/\/www.grimann.de\/wp-content\/uploads\/2022\/07\/signatur1-scaled.jpg","contentUrl":"https:\/\/www.grimann.de\/wp-content\/uploads\/2022\/07\/signatur1-scaled.jpg","width":2560,"height":617,"caption":"grimann"},"logo":{"@id":"https:\/\/www.grimann.de\/wp-content\/uploads\/2022\/07\/signatur1-scaled.jpg"},"sameAs":["https:\/\/www.grimann.de","https:\/\/www.facebook.com\/adam.grimann","https:\/\/www.instagram.com\/atelier_grimann\/","https:\/\/www.linkedin.com\/in\/adam-grimann-4684a661\/"]}]}},"_links":{"self":[{"href":"https:\/\/www.grimann.de\/pl\/wp-json\/wp\/v2\/posts\/3560","targetHints":{"allow":["GET"]}}],"collection":[{"href":"https:\/\/www.grimann.de\/pl\/wp-json\/wp\/v2\/posts"}],"about":[{"href":"https:\/\/www.grimann.de\/pl\/wp-json\/wp\/v2\/types\/post"}],"author":[{"embeddable":true,"href":"https:\/\/www.grimann.de\/pl\/wp-json\/wp\/v2\/users\/1"}],"replies":[{"embeddable":true,"href":"https:\/\/www.grimann.de\/pl\/wp-json\/wp\/v2\/comments?post=3560"}],"version-history":[{"count":4,"href":"https:\/\/www.grimann.de\/pl\/wp-json\/wp\/v2\/posts\/3560\/revisions"}],"predecessor-version":[{"id":3565,"href":"https:\/\/www.grimann.de\/pl\/wp-json\/wp\/v2\/posts\/3560\/revisions\/3565"}],"wp:featuredmedia":[{"embeddable":true,"href":"https:\/\/www.grimann.de\/pl\/wp-json\/wp\/v2\/media\/3561"}],"wp:attachment":[{"href":"https:\/\/www.grimann.de\/pl\/wp-json\/wp\/v2\/media?parent=3560"}],"wp:term":[{"taxonomy":"category","embeddable":true,"href":"https:\/\/www.grimann.de\/pl\/wp-json\/wp\/v2\/categories?post=3560"},{"taxonomy":"post_tag","embeddable":true,"href":"https:\/\/www.grimann.de\/pl\/wp-json\/wp\/v2\/tags?post=3560"}],"curies":[{"name":"wp","href":"https:\/\/api.w.org\/{rel}","templated":true}]}}