{"id":807,"date":"2013-09-04T07:49:55","date_gmt":"2013-09-04T05:49:55","guid":{"rendered":"http:\/\/www.grimann.de\/?p=807"},"modified":"2019-10-31T15:34:31","modified_gmt":"2019-10-31T13:34:31","slug":"text-talk-auf-der-buchmesse","status":"publish","type":"post","link":"https:\/\/www.grimann.de\/pl\/text-talk-auf-der-buchmesse\/","title":{"rendered":"&#8222;text &#038; talk&#8221; &#8211;  auf der Buchmesse"},"content":{"rendered":"<p>Am 07.09 und 08.09.2013 findet im Oelde die Buchmesse <a href=\"http:\/\/www.kulturgut-nottbeck.de\/25676.0.html\" target=\"_blank\" rel=\"noopener noreferrer\">&#8222;text &amp; talk&#8221; <\/a>statt. Es wird von meiner kleinen Ausstellung begleitet.<\/p>\n<p><span class=\"st\"><!--more--><\/span>Das Buch &#8222;bis ans ende der zeiten. amen \/ sie ist ne domina&#8221; wird vorgestellt und ein paar Bilder die im Buch abgebildet sind werden auch live auf der B\u00fchne zu sehen sein. Von 12:40 Uhr bis 13:00 Uhr wird gelesen. Auch aus dem Buch. Und es macht auch die Autorin der Texte, die Franziska R\u00f6chter (Chiliverlag) &#8211; immer ein Erlebnis. Es wird nicht einfach vorgelesen, es wird erlebt und gelebt. Auf jeden Fall h\u00f6ren und erlebenswert.<\/p>\n<p>Aus dem <a href=\"http:\/\/www.grimann.de\/wp-content\/uploads\/2013\/09\/RB_August2013.pdf\" target=\"_blank\" rel=\"noopener noreferrer\">&#8222;Tentakel&#8221; <\/a>08.2013, (Seite 13) :<\/p>\n<p>&#8222;Chili-Verlag: Neuerscheinung im Doppelpack<br \/>\n<strong>&#8222;bis ans ende der zeiten. amen \/ sie ist ne domina&#8221;<\/strong>\u00a0 Ein Kunst \u2013 Gedichtbuch-Wendebuch<br \/>\nvon Adam Grimann &amp; Franziska R\u00f6chter<br \/>\n88 Seiten, \u00fcber 38 Farbabbildungen plus viele in schwarz-wei\u00df, Link: ISBN 978-3943292-06-0, chiliverlag 2013, EUR 13,90<br \/>\nAdam Grimann ist einer der originellsten und witzigsten \u201aernsthaften\u2018 K\u00fcnstler Ostwestfalens. Seine Bilder sind eine Augenweide und geh\u00f6ren angeschaut. Seine lebendigen Farben lassen gute Stimmung aufkommen. Der K\u00fcnstler vereint in seinen Werken Witz, Originalit\u00e4t, Augenzwinkern und Komisches mit Ernsthaftigkeit, Wahrheit und der Tragik des Lebens. Dieses Buch besitzt zwei Anf\u00e4nge, also zwei B\u00fccher in einem. W\u00e4re es m\u00f6glich, h\u00e4tte dieses Buch mindestens zehn Cover. Damit alle Bilder sofort gesehen werden k\u00f6nnen.<br \/>\nBuch 1: bis ans ende der zeiten. amen, welches auch der Titel eines sehr gro\u00dfen Gem\u00e4ldes von Adam Grimann ist, enth\u00e4lt zu den Bildern Gedichte vom Abschiednehmen und Ausz\u00fcge aus Poetry Slam Texten von Franziska R\u00f6chter. Beide K\u00fcnstler verarbeiten auf ihre Art und Weise die Absurdit\u00e4t des menschlichen Daseins. Abschied kann alles M\u00f6gliche bedeuten: das Verlassen des Heimatlandes, die Trennung von einem \u201afalschen\u2018 Freund, die Verabschiedung unliebsamer Gewohnheiten oder unrealistischer W\u00fcnsche oder die Auseinandersetzung mit dem unausweichlichen Tod.<br \/>\nBuch 2: sie ist ne domina handelt von den Tragikom\u00f6dien des Lebens und enth\u00e4lt Gedichte vom Weitermachen und ebenfalls Ausz\u00fcge aus Poetry-Slam-Texten Franzi R\u00f6chters. Adam Grimanns Bilder illustrieren aufs Vortrefflichste eine Lebenskunst, zu der die Akzeptanz des Skurrilen und Unausweichlichen dazugeh\u00f6rt, um nicht \u201avor die Hunde\u2018 zu gehen.<br \/>\nAdam Grimanns Bilder waren in den vergangenen Jahren nicht nur in Ostwestfalen und Herford zu sehen, sondern weit \u00fcber die Grenzen Deutschlands hinaus diverse Male in Polen, in Frankreich, in London.<br \/>\nDieses Buch ist etwas ganz Besonderes und kann als Trostpflaster in d\u00fcsteren Stunden dienen.&#8221;<\/p>\n<p>Aus dem <a href=\"http:\/\/www.ultimo-bielefeld.de\/media\/ultimo.pdf\" target=\"_blank\" rel=\"noopener noreferrer\">&#8222;Ultimo&#8221; 08.2012\u00a0<\/a>\u00a0 (Seite 8 und 9 &#8211; &#8222;Alles im Alleingang&#8221;) :<\/p>\n<div dir=\"ltr\" data-font-name=\"g_font_p21_2\" data-canvas-width=\"31.44476406049729\">&#8222;(&#8230;) Die neue Ver\u00f6ffentlichung ist dann doch mal eine Sammlung mit Texten der Verlegerin: &#8222;bis ans ende der zeiten. amen\/sie ist ne domina&#8221; ist ein sogenanntes Wendebuch, das zwei Anf\u00e4nge hat und per Wendeman\u00f6ver gelesen werden kann. Neben Gedichten und Ausz\u00fcgen aus ihren Poetry Slam-Texten gibt es 38 Farbbilder und etliche Bilder in schwarzwei\u00df des Herforder K\u00fcnstlers Adam Grimann. Thematisch besch\u00e4ftigen sich beide mit den Themen Abschiednehmen und der absurden Existenz des Menschen bis hin zum Tod, aber es gibt auch Texte zum Weitermachen und Texte \u201egegen die Unterdr\u00fcckung der M\u00e4nner\u201c, alles nat\u00fcrlich mit einer Prise Humor und Ironie verfasst.<\/div>\n<p>Sacha Brohm &#8222;<\/p>","protected":false},"excerpt":{"rendered":"<p>Przepraszamy, ten wpis jest dost\u0119pny tylko w j\u0119zyku Deutsch. For the sake of viewer convenience, the content is shown below in the alternative language. You may click the link to switch the active language.Am 07.09 und 08.09.2013 findet im Oelde die Buchmesse &#8222;text &amp; talk&#8221; statt. Es wird von meiner kleinen Ausstellung begleitet.<\/p>\n","protected":false},"author":1,"featured_media":814,"comment_status":"open","ping_status":"open","sticky":false,"template":"","format":"standard","meta":{"_exactmetrics_skip_tracking":false,"_exactmetrics_sitenote_active":false,"_exactmetrics_sitenote_note":"","_exactmetrics_sitenote_category":0,"ngg_post_thumbnail":0,"ocean_post_layout":"","ocean_both_sidebars_style":"","ocean_both_sidebars_content_width":0,"ocean_both_sidebars_sidebars_width":0,"ocean_sidebar":"","ocean_second_sidebar":"","ocean_disable_margins":"enable","ocean_add_body_class":"","ocean_shortcode_before_top_bar":"","ocean_shortcode_after_top_bar":"","ocean_shortcode_before_header":"","ocean_shortcode_after_header":"","ocean_has_shortcode":"","ocean_shortcode_after_title":"","ocean_shortcode_before_footer_widgets":"","ocean_shortcode_after_footer_widgets":"","ocean_shortcode_before_footer_bottom":"","ocean_shortcode_after_footer_bottom":"","ocean_display_top_bar":"default","ocean_display_header":"default","ocean_header_style":"","ocean_center_header_left_menu":"","ocean_custom_header_template":"","ocean_custom_logo":0,"ocean_custom_retina_logo":0,"ocean_custom_logo_max_width":0,"ocean_custom_logo_tablet_max_width":0,"ocean_custom_logo_mobile_max_width":0,"ocean_custom_logo_max_height":0,"ocean_custom_logo_tablet_max_height":0,"ocean_custom_logo_mobile_max_height":0,"ocean_header_custom_menu":"","ocean_menu_typo_font_family":"","ocean_menu_typo_font_subset":"","ocean_menu_typo_font_size":0,"ocean_menu_typo_font_size_tablet":0,"ocean_menu_typo_font_size_mobile":0,"ocean_menu_typo_font_size_unit":"px","ocean_menu_typo_font_weight":"","ocean_menu_typo_font_weight_tablet":"","ocean_menu_typo_font_weight_mobile":"","ocean_menu_typo_transform":"","ocean_menu_typo_transform_tablet":"","ocean_menu_typo_transform_mobile":"","ocean_menu_typo_line_height":0,"ocean_menu_typo_line_height_tablet":0,"ocean_menu_typo_line_height_mobile":0,"ocean_menu_typo_line_height_unit":"","ocean_menu_typo_spacing":0,"ocean_menu_typo_spacing_tablet":0,"ocean_menu_typo_spacing_mobile":0,"ocean_menu_typo_spacing_unit":"","ocean_menu_link_color":"","ocean_menu_link_color_hover":"","ocean_menu_link_color_active":"","ocean_menu_link_background":"","ocean_menu_link_hover_background":"","ocean_menu_link_active_background":"","ocean_menu_social_links_bg":"","ocean_menu_social_hover_links_bg":"","ocean_menu_social_links_color":"","ocean_menu_social_hover_links_color":"","ocean_disable_title":"default","ocean_disable_heading":"default","ocean_post_title":"","ocean_post_subheading":"","ocean_post_title_style":"","ocean_post_title_background_color":"","ocean_post_title_background":0,"ocean_post_title_bg_image_position":"","ocean_post_title_bg_image_attachment":"","ocean_post_title_bg_image_repeat":"","ocean_post_title_bg_image_size":"","ocean_post_title_height":0,"ocean_post_title_bg_overlay":0.5,"ocean_post_title_bg_overlay_color":"","ocean_disable_breadcrumbs":"default","ocean_breadcrumbs_color":"","ocean_breadcrumbs_separator_color":"","ocean_breadcrumbs_links_color":"","ocean_breadcrumbs_links_hover_color":"","ocean_display_footer_widgets":"default","ocean_display_footer_bottom":"default","ocean_custom_footer_template":"","ocean_post_oembed":"","ocean_post_self_hosted_media":"","ocean_post_video_embed":"","ocean_link_format":"","ocean_link_format_target":"self","ocean_quote_format":"","ocean_quote_format_link":"post","ocean_gallery_link_images":"on","ocean_gallery_id":[],"footnotes":""},"categories":[49],"tags":[11,47,46,41,44,45,42,43,48],"class_list":["post-807","post","type-post","status-publish","format-standard","has-post-thumbnail","hentry","category-literatur","tag-adam-grimann","tag-bis-ans-ende-der-zeiten-amen","tag-bis-ans-ende-der-zeiten-amen-sie-ist-ne-domina","tag-buchmesse","tag-franziska-roechter","tag-lesung","tag-oelde","tag-oelde-stromberg","tag-sie-ist-ne-domina","entry","has-media","owp-thumbs-layout-horizontal","owp-btn-normal","owp-tabs-layout-horizontal","has-no-thumbnails","has-product-nav"],"yoast_head":"<!-- This site is optimized with the Yoast SEO plugin v27.4 - https:\/\/yoast.com\/product\/yoast-seo-wordpress\/ -->\n<title>atelier grimann melerei ; adam grimann<\/title>\n<meta name=\"description\" content=\"atelier grimann malerei ; hand; bemalte; schuhe; bilder; \u00f6lbilder; zeichnung;\" \/>\n<meta name=\"robots\" content=\"index, follow, max-snippet:-1, max-image-preview:large, max-video-preview:-1\" \/>\n<link rel=\"canonical\" href=\"https:\/\/www.grimann.de\/zh\/text-talk-auf-der-buchmesse\/\" \/>\n<meta property=\"og:locale\" content=\"pl_PL\" \/>\n<meta property=\"og:type\" content=\"article\" \/>\n<meta property=\"og:title\" content=\"atelier grimann melerei ; adam grimann\" \/>\n<meta property=\"og:description\" content=\"atelier grimann malerei ; hand; bemalte; schuhe; bilder; \u00f6lbilder; zeichnung;\" \/>\n<meta property=\"og:url\" content=\"https:\/\/www.grimann.de\/zh\/text-talk-auf-der-buchmesse\/\" \/>\n<meta property=\"og:site_name\" content=\"my gallery\" \/>\n<meta property=\"article:publisher\" content=\"https:\/\/www.facebook.com\/adam.grimann\" \/>\n<meta property=\"article:author\" content=\"https:\/\/www.facebook.com\/adam.grimann\" \/>\n<meta property=\"article:published_time\" content=\"2013-09-04T05:49:55+00:00\" \/>\n<meta property=\"article:modified_time\" content=\"2019-10-31T13:34:31+00:00\" \/>\n<meta property=\"og:image\" content=\"https:\/\/www.grimann.de\/wp-content\/uploads\/2013\/09\/amen.jpg\" \/>\n\t<meta property=\"og:image:width\" content=\"385\" \/>\n\t<meta property=\"og:image:height\" content=\"385\" \/>\n\t<meta property=\"og:image:type\" content=\"image\/jpeg\" \/>\n<meta name=\"author\" content=\"grimann\" \/>\n<meta name=\"twitter:card\" content=\"summary_large_image\" \/>\n<meta name=\"twitter:label1\" content=\"Napisane przez\" \/>\n\t<meta name=\"twitter:data1\" content=\"grimann\" \/>\n\t<meta name=\"twitter:label2\" content=\"Szacowany czas czytania\" \/>\n\t<meta name=\"twitter:data2\" content=\"8 minut\" \/>\n<script type=\"application\/ld+json\" class=\"yoast-schema-graph\">{\"@context\":\"https:\\\/\\\/schema.org\",\"@graph\":[{\"@type\":\"Article\",\"@id\":\"https:\\\/\\\/www.grimann.de\\\/zh\\\/text-talk-auf-der-buchmesse\\\/#article\",\"isPartOf\":{\"@id\":\"https:\\\/\\\/www.grimann.de\\\/zh\\\/text-talk-auf-der-buchmesse\\\/\"},\"author\":{\"name\":\"grimann\",\"@id\":\"https:\\\/\\\/www.grimann.de\\\/#\\\/schema\\\/person\\\/b85eeb7bb21aee8cb16db5f471df2377\"},\"headline\":\"&#8222;text &#038; talk&#8221; &#8211; auf der Buchmesse\",\"datePublished\":\"2013-09-04T05:49:55+00:00\",\"dateModified\":\"2019-10-31T13:34:31+00:00\",\"mainEntityOfPage\":{\"@id\":\"https:\\\/\\\/www.grimann.de\\\/zh\\\/text-talk-auf-der-buchmesse\\\/\"},\"wordCount\":1572,\"commentCount\":0,\"publisher\":{\"@id\":\"https:\\\/\\\/www.grimann.de\\\/#\\\/schema\\\/person\\\/b85eeb7bb21aee8cb16db5f471df2377\"},\"image\":{\"@id\":\"https:\\\/\\\/www.grimann.de\\\/zh\\\/text-talk-auf-der-buchmesse\\\/#primaryimage\"},\"thumbnailUrl\":\"https:\\\/\\\/www.grimann.de\\\/wp-content\\\/uploads\\\/2013\\\/09\\\/amen.jpg\",\"keywords\":[\"Adam Grimann \",\"bis ans ende der zeiten. amen\",\"bis ans ende der zeiten. amen \\\/ sie ist ne domina\",\"Buchmesse\",\"Franziska R\u00f6chter\",\"Lesung\",\"Oelde\",\"Oelde-Stromberg\",\"sie ist ne domina\"],\"articleSection\":[\"Literatura\"],\"inLanguage\":\"pl-PL\",\"potentialAction\":[{\"@type\":\"CommentAction\",\"name\":\"Comment\",\"target\":[\"https:\\\/\\\/www.grimann.de\\\/zh\\\/text-talk-auf-der-buchmesse\\\/#respond\"]}]},{\"@type\":\"WebPage\",\"@id\":\"https:\\\/\\\/www.grimann.de\\\/zh\\\/text-talk-auf-der-buchmesse\\\/\",\"url\":\"https:\\\/\\\/www.grimann.de\\\/zh\\\/text-talk-auf-der-buchmesse\\\/\",\"name\":\"atelier grimann melerei ; adam grimann\",\"isPartOf\":{\"@id\":\"https:\\\/\\\/www.grimann.de\\\/#website\"},\"primaryImageOfPage\":{\"@id\":\"https:\\\/\\\/www.grimann.de\\\/zh\\\/text-talk-auf-der-buchmesse\\\/#primaryimage\"},\"image\":{\"@id\":\"https:\\\/\\\/www.grimann.de\\\/zh\\\/text-talk-auf-der-buchmesse\\\/#primaryimage\"},\"thumbnailUrl\":\"https:\\\/\\\/www.grimann.de\\\/wp-content\\\/uploads\\\/2013\\\/09\\\/amen.jpg\",\"datePublished\":\"2013-09-04T05:49:55+00:00\",\"dateModified\":\"2019-10-31T13:34:31+00:00\",\"description\":\"atelier grimann malerei ; hand; bemalte; schuhe; bilder; \u00f6lbilder; zeichnung;\",\"breadcrumb\":{\"@id\":\"https:\\\/\\\/www.grimann.de\\\/zh\\\/text-talk-auf-der-buchmesse\\\/#breadcrumb\"},\"inLanguage\":\"pl-PL\",\"potentialAction\":[{\"@type\":\"ReadAction\",\"target\":[\"https:\\\/\\\/www.grimann.de\\\/zh\\\/text-talk-auf-der-buchmesse\\\/\"]}]},{\"@type\":\"ImageObject\",\"inLanguage\":\"pl-PL\",\"@id\":\"https:\\\/\\\/www.grimann.de\\\/zh\\\/text-talk-auf-der-buchmesse\\\/#primaryimage\",\"url\":\"https:\\\/\\\/www.grimann.de\\\/wp-content\\\/uploads\\\/2013\\\/09\\\/amen.jpg\",\"contentUrl\":\"https:\\\/\\\/www.grimann.de\\\/wp-content\\\/uploads\\\/2013\\\/09\\\/amen.jpg\",\"width\":385,\"height\":385},{\"@type\":\"BreadcrumbList\",\"@id\":\"https:\\\/\\\/www.grimann.de\\\/zh\\\/text-talk-auf-der-buchmesse\\\/#breadcrumb\",\"itemListElement\":[{\"@type\":\"ListItem\",\"position\":1,\"name\":\"Home\",\"item\":\"https:\\\/\\\/www.grimann.de\\\/\"},{\"@type\":\"ListItem\",\"position\":2,\"name\":\"&#8220;text &#038; talk&#8221; &#8211; auf der Buchmesse\"}]},{\"@type\":\"WebSite\",\"@id\":\"https:\\\/\\\/www.grimann.de\\\/#website\",\"url\":\"https:\\\/\\\/www.grimann.de\\\/\",\"name\":\"my gallery\",\"description\":\"adams art\",\"publisher\":{\"@id\":\"https:\\\/\\\/www.grimann.de\\\/#\\\/schema\\\/person\\\/b85eeb7bb21aee8cb16db5f471df2377\"},\"potentialAction\":[{\"@type\":\"SearchAction\",\"target\":{\"@type\":\"EntryPoint\",\"urlTemplate\":\"https:\\\/\\\/www.grimann.de\\\/?s={search_term_string}\"},\"query-input\":{\"@type\":\"PropertyValueSpecification\",\"valueRequired\":true,\"valueName\":\"search_term_string\"}}],\"inLanguage\":\"pl-PL\"},{\"@type\":[\"Person\",\"Organization\"],\"@id\":\"https:\\\/\\\/www.grimann.de\\\/#\\\/schema\\\/person\\\/b85eeb7bb21aee8cb16db5f471df2377\",\"name\":\"grimann\",\"image\":{\"@type\":\"ImageObject\",\"inLanguage\":\"pl-PL\",\"@id\":\"https:\\\/\\\/www.grimann.de\\\/wp-content\\\/uploads\\\/2022\\\/07\\\/signatur1-scaled.jpg\",\"url\":\"https:\\\/\\\/www.grimann.de\\\/wp-content\\\/uploads\\\/2022\\\/07\\\/signatur1-scaled.jpg\",\"contentUrl\":\"https:\\\/\\\/www.grimann.de\\\/wp-content\\\/uploads\\\/2022\\\/07\\\/signatur1-scaled.jpg\",\"width\":2560,\"height\":617,\"caption\":\"grimann\"},\"logo\":{\"@id\":\"https:\\\/\\\/www.grimann.de\\\/wp-content\\\/uploads\\\/2022\\\/07\\\/signatur1-scaled.jpg\"},\"sameAs\":[\"https:\\\/\\\/www.grimann.de\",\"https:\\\/\\\/www.facebook.com\\\/adam.grimann\",\"https:\\\/\\\/www.instagram.com\\\/atelier_grimann\\\/\",\"https:\\\/\\\/www.linkedin.com\\\/in\\\/adam-grimann-4684a661\\\/\"]}]}<\/script>\n<!-- \/ Yoast SEO plugin. -->","yoast_head_json":{"title":"atelier grimann melerei ; adam grimann","description":"atelier grimann malerei ; hand; bemalte; schuhe; bilder; \u00f6lbilder; zeichnung;","robots":{"index":"index","follow":"follow","max-snippet":"max-snippet:-1","max-image-preview":"max-image-preview:large","max-video-preview":"max-video-preview:-1"},"canonical":"https:\/\/www.grimann.de\/zh\/text-talk-auf-der-buchmesse\/","og_locale":"pl_PL","og_type":"article","og_title":"atelier grimann melerei ; adam grimann","og_description":"atelier grimann malerei ; hand; bemalte; schuhe; bilder; \u00f6lbilder; zeichnung;","og_url":"https:\/\/www.grimann.de\/zh\/text-talk-auf-der-buchmesse\/","og_site_name":"my gallery","article_publisher":"https:\/\/www.facebook.com\/adam.grimann","article_author":"https:\/\/www.facebook.com\/adam.grimann","article_published_time":"2013-09-04T05:49:55+00:00","article_modified_time":"2019-10-31T13:34:31+00:00","og_image":[{"width":385,"height":385,"url":"https:\/\/www.grimann.de\/wp-content\/uploads\/2013\/09\/amen.jpg","type":"image\/jpeg"}],"author":"grimann","twitter_card":"summary_large_image","twitter_misc":{"Napisane przez":"grimann","Szacowany czas czytania":"8 minut"},"schema":{"@context":"https:\/\/schema.org","@graph":[{"@type":"Article","@id":"https:\/\/www.grimann.de\/zh\/text-talk-auf-der-buchmesse\/#article","isPartOf":{"@id":"https:\/\/www.grimann.de\/zh\/text-talk-auf-der-buchmesse\/"},"author":{"name":"grimann","@id":"https:\/\/www.grimann.de\/#\/schema\/person\/b85eeb7bb21aee8cb16db5f471df2377"},"headline":"&#8222;text &#038; talk&#8221; &#8211; auf der Buchmesse","datePublished":"2013-09-04T05:49:55+00:00","dateModified":"2019-10-31T13:34:31+00:00","mainEntityOfPage":{"@id":"https:\/\/www.grimann.de\/zh\/text-talk-auf-der-buchmesse\/"},"wordCount":1572,"commentCount":0,"publisher":{"@id":"https:\/\/www.grimann.de\/#\/schema\/person\/b85eeb7bb21aee8cb16db5f471df2377"},"image":{"@id":"https:\/\/www.grimann.de\/zh\/text-talk-auf-der-buchmesse\/#primaryimage"},"thumbnailUrl":"https:\/\/www.grimann.de\/wp-content\/uploads\/2013\/09\/amen.jpg","keywords":["Adam Grimann ","bis ans ende der zeiten. amen","bis ans ende der zeiten. amen \/ sie ist ne domina","Buchmesse","Franziska R\u00f6chter","Lesung","Oelde","Oelde-Stromberg","sie ist ne domina"],"articleSection":["Literatura"],"inLanguage":"pl-PL","potentialAction":[{"@type":"CommentAction","name":"Comment","target":["https:\/\/www.grimann.de\/zh\/text-talk-auf-der-buchmesse\/#respond"]}]},{"@type":"WebPage","@id":"https:\/\/www.grimann.de\/zh\/text-talk-auf-der-buchmesse\/","url":"https:\/\/www.grimann.de\/zh\/text-talk-auf-der-buchmesse\/","name":"atelier grimann melerei ; adam grimann","isPartOf":{"@id":"https:\/\/www.grimann.de\/#website"},"primaryImageOfPage":{"@id":"https:\/\/www.grimann.de\/zh\/text-talk-auf-der-buchmesse\/#primaryimage"},"image":{"@id":"https:\/\/www.grimann.de\/zh\/text-talk-auf-der-buchmesse\/#primaryimage"},"thumbnailUrl":"https:\/\/www.grimann.de\/wp-content\/uploads\/2013\/09\/amen.jpg","datePublished":"2013-09-04T05:49:55+00:00","dateModified":"2019-10-31T13:34:31+00:00","description":"atelier grimann malerei ; hand; bemalte; schuhe; bilder; \u00f6lbilder; zeichnung;","breadcrumb":{"@id":"https:\/\/www.grimann.de\/zh\/text-talk-auf-der-buchmesse\/#breadcrumb"},"inLanguage":"pl-PL","potentialAction":[{"@type":"ReadAction","target":["https:\/\/www.grimann.de\/zh\/text-talk-auf-der-buchmesse\/"]}]},{"@type":"ImageObject","inLanguage":"pl-PL","@id":"https:\/\/www.grimann.de\/zh\/text-talk-auf-der-buchmesse\/#primaryimage","url":"https:\/\/www.grimann.de\/wp-content\/uploads\/2013\/09\/amen.jpg","contentUrl":"https:\/\/www.grimann.de\/wp-content\/uploads\/2013\/09\/amen.jpg","width":385,"height":385},{"@type":"BreadcrumbList","@id":"https:\/\/www.grimann.de\/zh\/text-talk-auf-der-buchmesse\/#breadcrumb","itemListElement":[{"@type":"ListItem","position":1,"name":"Home","item":"https:\/\/www.grimann.de\/"},{"@type":"ListItem","position":2,"name":"&#8220;text &#038; talk&#8221; &#8211; auf der Buchmesse"}]},{"@type":"WebSite","@id":"https:\/\/www.grimann.de\/#website","url":"https:\/\/www.grimann.de\/","name":"my gallery","description":"adams art","publisher":{"@id":"https:\/\/www.grimann.de\/#\/schema\/person\/b85eeb7bb21aee8cb16db5f471df2377"},"potentialAction":[{"@type":"SearchAction","target":{"@type":"EntryPoint","urlTemplate":"https:\/\/www.grimann.de\/?s={search_term_string}"},"query-input":{"@type":"PropertyValueSpecification","valueRequired":true,"valueName":"search_term_string"}}],"inLanguage":"pl-PL"},{"@type":["Person","Organization"],"@id":"https:\/\/www.grimann.de\/#\/schema\/person\/b85eeb7bb21aee8cb16db5f471df2377","name":"grimann","image":{"@type":"ImageObject","inLanguage":"pl-PL","@id":"https:\/\/www.grimann.de\/wp-content\/uploads\/2022\/07\/signatur1-scaled.jpg","url":"https:\/\/www.grimann.de\/wp-content\/uploads\/2022\/07\/signatur1-scaled.jpg","contentUrl":"https:\/\/www.grimann.de\/wp-content\/uploads\/2022\/07\/signatur1-scaled.jpg","width":2560,"height":617,"caption":"grimann"},"logo":{"@id":"https:\/\/www.grimann.de\/wp-content\/uploads\/2022\/07\/signatur1-scaled.jpg"},"sameAs":["https:\/\/www.grimann.de","https:\/\/www.facebook.com\/adam.grimann","https:\/\/www.instagram.com\/atelier_grimann\/","https:\/\/www.linkedin.com\/in\/adam-grimann-4684a661\/"]}]}},"_links":{"self":[{"href":"https:\/\/www.grimann.de\/pl\/wp-json\/wp\/v2\/posts\/807","targetHints":{"allow":["GET"]}}],"collection":[{"href":"https:\/\/www.grimann.de\/pl\/wp-json\/wp\/v2\/posts"}],"about":[{"href":"https:\/\/www.grimann.de\/pl\/wp-json\/wp\/v2\/types\/post"}],"author":[{"embeddable":true,"href":"https:\/\/www.grimann.de\/pl\/wp-json\/wp\/v2\/users\/1"}],"replies":[{"embeddable":true,"href":"https:\/\/www.grimann.de\/pl\/wp-json\/wp\/v2\/comments?post=807"}],"version-history":[{"count":10,"href":"https:\/\/www.grimann.de\/pl\/wp-json\/wp\/v2\/posts\/807\/revisions"}],"predecessor-version":[{"id":2487,"href":"https:\/\/www.grimann.de\/pl\/wp-json\/wp\/v2\/posts\/807\/revisions\/2487"}],"wp:featuredmedia":[{"embeddable":true,"href":"https:\/\/www.grimann.de\/pl\/wp-json\/wp\/v2\/media\/814"}],"wp:attachment":[{"href":"https:\/\/www.grimann.de\/pl\/wp-json\/wp\/v2\/media?parent=807"}],"wp:term":[{"taxonomy":"category","embeddable":true,"href":"https:\/\/www.grimann.de\/pl\/wp-json\/wp\/v2\/categories?post=807"},{"taxonomy":"post_tag","embeddable":true,"href":"https:\/\/www.grimann.de\/pl\/wp-json\/wp\/v2\/tags?post=807"}],"curies":[{"name":"wp","href":"https:\/\/api.w.org\/{rel}","templated":true}]}}