{"id":1916,"date":"2017-11-07T13:47:14","date_gmt":"2017-11-07T11:47:14","guid":{"rendered":"http:\/\/www.grimann.de\/?p=1916"},"modified":"2019-06-13T13:23:35","modified_gmt":"2019-06-13T11:23:35","slug":"galerie-im-rathaus-enger","status":"publish","type":"post","link":"https:\/\/www.grimann.de\/zh\/galerie-im-rathaus-enger\/","title":{"rendered":"Galerie im Rathaus. Enger"},"content":{"rendered":"<p class=\"qtranxs-available-languages-message qtranxs-available-languages-message-zh\">\u5bf9\u4e0d\u8d77\uff0c\u6b64\u5185\u5bb9\u53ea\u9002\u7528\u4e8e<a href=\"https:\/\/www.grimann.de\/de\/wp-json\/wp\/v2\/posts\/1916\" class=\"qtranxs-available-language-link qtranxs-available-language-link-de\" title=\"Deutsch\">Deutsch<\/a>\u548c<a href=\"https:\/\/www.grimann.de\/pl\/wp-json\/wp\/v2\/posts\/1916\" class=\"qtranxs-available-language-link qtranxs-available-language-link-pl\" title=\"Polski\">Polski<\/a>\u3002 For the sake of viewer convenience, the content is shown below in this site default language. You may click one of the links to switch the site language to another available language.<\/p><p>Am <strong>15 November um 19:00<\/strong> Uhr findet im Rathaus in Enger die Vernissage meiner letzten Einzelausstellung in diesem Jahr statt. Ich w\u00fcrde mich freuen, wenn Sie sich entschlie\u00dfen wurden diese Ausstellungser\u00f6ffnung beizuwohnen. Es werden meistens \u00d6l und Acrylbilder pr\u00e4sentiert wie auch einige Zeichnungen. Die Er\u00f6ffnung wird musikalisch begleitet und ich lese selbst eine kleine Ausstellungseinf\u00fchrung. Die Werke werden ab 15.11. bis 13.12. dort zu sehen sein.<\/p>\n<p><strong>Montag bis Freitag:<\/strong><br \/>\n8:00 &#8211; 13:00 Uhr<br \/>\n<strong>Montag und Donnerstag:<\/strong><br \/>\n14:00 &#8211; 18:00 Uhr<\/p>\n<p><a href=\"http:\/\/www.enger.de\/?object=tx|1470.348.1&amp;ModID=7&amp;FID=1470.9318.1&amp;sNavID=1470.387&amp;La=1&amp;kat=1470.5\" target=\"_blank\" rel=\"noopener noreferrer\">(hier die erste Pressemitteilung)<\/a><\/p>\n<p><a href=\"http:\/\/www.grimann.de\/?attachment_id=1926\" rel=\"attachment wp-att-1926\"><img loading=\"lazy\" decoding=\"async\" class=\"aligncenter size-full wp-image-1926\" src=\"http:\/\/www.grimann.de\/wp-content\/uploads\/2017\/11\/einladung-enger.jpg\" alt=\"\" width=\"595\" height=\"606\" srcset=\"https:\/\/www.grimann.de\/wp-content\/uploads\/2017\/11\/einladung-enger.jpg 595w, https:\/\/www.grimann.de\/wp-content\/uploads\/2017\/11\/einladung-enger-300x306.jpg 300w, https:\/\/www.grimann.de\/wp-content\/uploads\/2017\/11\/einladung-enger-147x150.jpg 147w, https:\/\/www.grimann.de\/wp-content\/uploads\/2017\/11\/einladung-enger-295x300.jpg 295w\" sizes=\"auto, (max-width: 595px) 100vw, 595px\" \/><\/a><\/p>\n<p>&nbsp;<\/p>","protected":false},"excerpt":{"rendered":"<p class=\"qtranxs-available-languages-message qtranxs-available-languages-message-zh\">\u5bf9\u4e0d\u8d77\uff0c\u6b64\u5185\u5bb9\u53ea\u9002\u7528\u4e8e<a href=\"https:\/\/www.grimann.de\/de\/wp-json\/wp\/v2\/posts\/1916\" class=\"qtranxs-available-language-link qtranxs-available-language-link-de\" title=\"Deutsch\">Deutsch<\/a>\u548c<a href=\"https:\/\/www.grimann.de\/pl\/wp-json\/wp\/v2\/posts\/1916\" class=\"qtranxs-available-language-link qtranxs-available-language-link-pl\" title=\"Polski\">Polski<\/a>\u3002 For the sake of viewer convenience, the content is shown below in this site default language. You may click one of the links to switch the site language to another available language.<\/p>\n<p>&#8230;eine Vernissage meiner letzten Einzelausstellung in diesem Jahr.<\/p>\n","protected":false},"author":1,"featured_media":1920,"comment_status":"open","ping_status":"open","sticky":false,"template":"","format":"standard","meta":{"_exactmetrics_skip_tracking":false,"_exactmetrics_sitenote_active":false,"_exactmetrics_sitenote_note":"","_exactmetrics_sitenote_category":0,"ngg_post_thumbnail":0,"ocean_post_layout":"","ocean_both_sidebars_style":"","ocean_both_sidebars_content_width":0,"ocean_both_sidebars_sidebars_width":0,"ocean_sidebar":"","ocean_second_sidebar":"","ocean_disable_margins":"enable","ocean_add_body_class":"","ocean_shortcode_before_top_bar":"","ocean_shortcode_after_top_bar":"","ocean_shortcode_before_header":"","ocean_shortcode_after_header":"","ocean_has_shortcode":"","ocean_shortcode_after_title":"","ocean_shortcode_before_footer_widgets":"","ocean_shortcode_after_footer_widgets":"","ocean_shortcode_before_footer_bottom":"","ocean_shortcode_after_footer_bottom":"","ocean_display_top_bar":"default","ocean_display_header":"default","ocean_header_style":"","ocean_center_header_left_menu":"","ocean_custom_header_template":"","ocean_custom_logo":0,"ocean_custom_retina_logo":0,"ocean_custom_logo_max_width":0,"ocean_custom_logo_tablet_max_width":0,"ocean_custom_logo_mobile_max_width":0,"ocean_custom_logo_max_height":0,"ocean_custom_logo_tablet_max_height":0,"ocean_custom_logo_mobile_max_height":0,"ocean_header_custom_menu":"","ocean_menu_typo_font_family":"","ocean_menu_typo_font_subset":"","ocean_menu_typo_font_size":0,"ocean_menu_typo_font_size_tablet":0,"ocean_menu_typo_font_size_mobile":0,"ocean_menu_typo_font_size_unit":"px","ocean_menu_typo_font_weight":"","ocean_menu_typo_font_weight_tablet":"","ocean_menu_typo_font_weight_mobile":"","ocean_menu_typo_transform":"","ocean_menu_typo_transform_tablet":"","ocean_menu_typo_transform_mobile":"","ocean_menu_typo_line_height":0,"ocean_menu_typo_line_height_tablet":0,"ocean_menu_typo_line_height_mobile":0,"ocean_menu_typo_line_height_unit":"","ocean_menu_typo_spacing":0,"ocean_menu_typo_spacing_tablet":0,"ocean_menu_typo_spacing_mobile":0,"ocean_menu_typo_spacing_unit":"","ocean_menu_link_color":"","ocean_menu_link_color_hover":"","ocean_menu_link_color_active":"","ocean_menu_link_background":"","ocean_menu_link_hover_background":"","ocean_menu_link_active_background":"","ocean_menu_social_links_bg":"","ocean_menu_social_hover_links_bg":"","ocean_menu_social_links_color":"","ocean_menu_social_hover_links_color":"","ocean_disable_title":"default","ocean_disable_heading":"default","ocean_post_title":"","ocean_post_subheading":"","ocean_post_title_style":"","ocean_post_title_background_color":"","ocean_post_title_background":0,"ocean_post_title_bg_image_position":"","ocean_post_title_bg_image_attachment":"","ocean_post_title_bg_image_repeat":"","ocean_post_title_bg_image_size":"","ocean_post_title_height":0,"ocean_post_title_bg_overlay":0.5,"ocean_post_title_bg_overlay_color":"","ocean_disable_breadcrumbs":"default","ocean_breadcrumbs_color":"","ocean_breadcrumbs_separator_color":"","ocean_breadcrumbs_links_color":"","ocean_breadcrumbs_links_hover_color":"","ocean_display_footer_widgets":"default","ocean_display_footer_bottom":"default","ocean_custom_footer_template":"","ocean_post_oembed":"","ocean_post_self_hosted_media":"","ocean_post_video_embed":"","ocean_link_format":"","ocean_link_format_target":"self","ocean_quote_format":"","ocean_quote_format_link":"post","ocean_gallery_link_images":"on","ocean_gallery_id":[],"footnotes":""},"categories":[1,67],"tags":[334,353,350,354,332,348,349,352,351],"class_list":["post-1916","post","type-post","status-publish","format-standard","has-post-thumbnail","hentry","category-allgemein","category-art-2","tag-adam-grimann-enger","tag-adam-grimann-im-rathaus-enger","tag-ausstellung-im-rathaus-enger","tag-enger","tag-enger-kunstlandschaften","tag-galerie-in-rathaus-enger","tag-rathaus-enger","tag-rathaus-enger-kunst","tag-vernissage-im-rathaus-enger","entry","has-media","owp-thumbs-layout-horizontal","owp-btn-normal","owp-tabs-layout-horizontal","has-no-thumbnails","has-product-nav"],"yoast_head":"<!-- This site is optimized with the Yoast SEO plugin v27.4 - https:\/\/yoast.com\/product\/yoast-seo-wordpress\/ -->\n<title>atelier grimann melerei ; adam grimann<\/title>\n<meta name=\"description\" content=\"atelier grimann malerei ; hand; bemalte; schuhe; bilder; \u00f6lbilder; zeichnung;\" \/>\n<meta name=\"robots\" content=\"index, follow, max-snippet:-1, max-image-preview:large, max-video-preview:-1\" \/>\n<link rel=\"canonical\" href=\"https:\/\/www.grimann.de\/zh\/deutsch-galerie-im-rathaus-enger\/\" \/>\n<meta property=\"og:locale\" content=\"zh_CN\" \/>\n<meta property=\"og:type\" content=\"article\" \/>\n<meta property=\"og:title\" content=\"atelier grimann melerei ; adam grimann\" \/>\n<meta property=\"og:description\" content=\"atelier grimann malerei ; hand; bemalte; schuhe; bilder; \u00f6lbilder; zeichnung;\" \/>\n<meta property=\"og:url\" content=\"https:\/\/www.grimann.de\/zh\/deutsch-galerie-im-rathaus-enger\/\" \/>\n<meta property=\"og:site_name\" content=\"my gallery\" \/>\n<meta property=\"article:publisher\" content=\"https:\/\/www.facebook.com\/adam.grimann\" \/>\n<meta property=\"article:author\" content=\"https:\/\/www.facebook.com\/adam.grimann\" \/>\n<meta property=\"article:published_time\" content=\"2017-11-07T11:47:14+00:00\" \/>\n<meta property=\"article:modified_time\" content=\"2019-06-13T11:23:35+00:00\" \/>\n<meta property=\"og:image\" content=\"https:\/\/www.grimann.de\/wp-content\/uploads\/2017\/11\/2017-09-25-22.54.32.jpg\" \/>\n\t<meta property=\"og:image:width\" content=\"653\" \/>\n\t<meta property=\"og:image:height\" content=\"825\" \/>\n\t<meta property=\"og:image:type\" content=\"image\/jpeg\" \/>\n<meta name=\"author\" content=\"grimann\" \/>\n<meta name=\"twitter:card\" content=\"summary_large_image\" \/>\n<meta name=\"twitter:label1\" content=\"\u4f5c\u8005\" \/>\n\t<meta name=\"twitter:data1\" content=\"grimann\" \/>\n<script type=\"application\/ld+json\" class=\"yoast-schema-graph\">{\"@context\":\"https:\\\/\\\/schema.org\",\"@graph\":[{\"@type\":\"Article\",\"@id\":\"https:\\\/\\\/www.grimann.de\\\/zh\\\/deutsch-galerie-im-rathaus-enger\\\/#article\",\"isPartOf\":{\"@id\":\"https:\\\/\\\/www.grimann.de\\\/zh\\\/deutsch-galerie-im-rathaus-enger\\\/\"},\"author\":{\"name\":\"grimann\",\"@id\":\"https:\\\/\\\/www.grimann.de\\\/#\\\/schema\\\/person\\\/b85eeb7bb21aee8cb16db5f471df2377\"},\"headline\":\"Galerie im Rathaus. Enger\",\"datePublished\":\"2017-11-07T11:47:14+00:00\",\"dateModified\":\"2019-06-13T11:23:35+00:00\",\"mainEntityOfPage\":{\"@id\":\"https:\\\/\\\/www.grimann.de\\\/zh\\\/deutsch-galerie-im-rathaus-enger\\\/\"},\"wordCount\":109,\"commentCount\":0,\"publisher\":{\"@id\":\"https:\\\/\\\/www.grimann.de\\\/#\\\/schema\\\/person\\\/b85eeb7bb21aee8cb16db5f471df2377\"},\"image\":{\"@id\":\"https:\\\/\\\/www.grimann.de\\\/zh\\\/deutsch-galerie-im-rathaus-enger\\\/#primaryimage\"},\"thumbnailUrl\":\"https:\\\/\\\/www.grimann.de\\\/wp-content\\\/uploads\\\/2017\\\/11\\\/2017-09-25-22.54.32.jpg\",\"keywords\":[\"adam grimann enger\",\"adam grimann im rathaus enger\",\"ausstellung im rathaus enger\",\"enger\",\"enger kunstlandschaften\",\"galerie in rathaus enger\",\"rathaus enger\",\"rathaus enger kunst\",\"vernissage im rathaus enger\"],\"articleSection\":[\"Allgemein\",\"Art\"],\"inLanguage\":\"zh-Hans\",\"potentialAction\":[{\"@type\":\"CommentAction\",\"name\":\"Comment\",\"target\":[\"https:\\\/\\\/www.grimann.de\\\/zh\\\/deutsch-galerie-im-rathaus-enger\\\/#respond\"]}]},{\"@type\":\"WebPage\",\"@id\":\"https:\\\/\\\/www.grimann.de\\\/zh\\\/deutsch-galerie-im-rathaus-enger\\\/\",\"url\":\"https:\\\/\\\/www.grimann.de\\\/zh\\\/deutsch-galerie-im-rathaus-enger\\\/\",\"name\":\"atelier grimann melerei ; adam grimann\",\"isPartOf\":{\"@id\":\"https:\\\/\\\/www.grimann.de\\\/#website\"},\"primaryImageOfPage\":{\"@id\":\"https:\\\/\\\/www.grimann.de\\\/zh\\\/deutsch-galerie-im-rathaus-enger\\\/#primaryimage\"},\"image\":{\"@id\":\"https:\\\/\\\/www.grimann.de\\\/zh\\\/deutsch-galerie-im-rathaus-enger\\\/#primaryimage\"},\"thumbnailUrl\":\"https:\\\/\\\/www.grimann.de\\\/wp-content\\\/uploads\\\/2017\\\/11\\\/2017-09-25-22.54.32.jpg\",\"datePublished\":\"2017-11-07T11:47:14+00:00\",\"dateModified\":\"2019-06-13T11:23:35+00:00\",\"description\":\"atelier grimann malerei ; hand; bemalte; schuhe; bilder; \u00f6lbilder; zeichnung;\",\"breadcrumb\":{\"@id\":\"https:\\\/\\\/www.grimann.de\\\/zh\\\/deutsch-galerie-im-rathaus-enger\\\/#breadcrumb\"},\"inLanguage\":\"zh-Hans\",\"potentialAction\":[{\"@type\":\"ReadAction\",\"target\":[\"https:\\\/\\\/www.grimann.de\\\/zh\\\/deutsch-galerie-im-rathaus-enger\\\/\"]}]},{\"@type\":\"ImageObject\",\"inLanguage\":\"zh-Hans\",\"@id\":\"https:\\\/\\\/www.grimann.de\\\/zh\\\/deutsch-galerie-im-rathaus-enger\\\/#primaryimage\",\"url\":\"https:\\\/\\\/www.grimann.de\\\/wp-content\\\/uploads\\\/2017\\\/11\\\/2017-09-25-22.54.32.jpg\",\"contentUrl\":\"https:\\\/\\\/www.grimann.de\\\/wp-content\\\/uploads\\\/2017\\\/11\\\/2017-09-25-22.54.32.jpg\",\"width\":653,\"height\":825},{\"@type\":\"BreadcrumbList\",\"@id\":\"https:\\\/\\\/www.grimann.de\\\/zh\\\/deutsch-galerie-im-rathaus-enger\\\/#breadcrumb\",\"itemListElement\":[{\"@type\":\"ListItem\",\"position\":1,\"name\":\"Home\",\"item\":\"https:\\\/\\\/www.grimann.de\\\/\"},{\"@type\":\"ListItem\",\"position\":2,\"name\":\"(Deutsch) Galerie im Rathaus. Enger\"}]},{\"@type\":\"WebSite\",\"@id\":\"https:\\\/\\\/www.grimann.de\\\/#website\",\"url\":\"https:\\\/\\\/www.grimann.de\\\/\",\"name\":\"my gallery\",\"description\":\"adams art\",\"publisher\":{\"@id\":\"https:\\\/\\\/www.grimann.de\\\/#\\\/schema\\\/person\\\/b85eeb7bb21aee8cb16db5f471df2377\"},\"potentialAction\":[{\"@type\":\"SearchAction\",\"target\":{\"@type\":\"EntryPoint\",\"urlTemplate\":\"https:\\\/\\\/www.grimann.de\\\/?s={search_term_string}\"},\"query-input\":{\"@type\":\"PropertyValueSpecification\",\"valueRequired\":true,\"valueName\":\"search_term_string\"}}],\"inLanguage\":\"zh-Hans\"},{\"@type\":[\"Person\",\"Organization\"],\"@id\":\"https:\\\/\\\/www.grimann.de\\\/#\\\/schema\\\/person\\\/b85eeb7bb21aee8cb16db5f471df2377\",\"name\":\"grimann\",\"image\":{\"@type\":\"ImageObject\",\"inLanguage\":\"zh-Hans\",\"@id\":\"https:\\\/\\\/www.grimann.de\\\/wp-content\\\/uploads\\\/2022\\\/07\\\/signatur1-scaled.jpg\",\"url\":\"https:\\\/\\\/www.grimann.de\\\/wp-content\\\/uploads\\\/2022\\\/07\\\/signatur1-scaled.jpg\",\"contentUrl\":\"https:\\\/\\\/www.grimann.de\\\/wp-content\\\/uploads\\\/2022\\\/07\\\/signatur1-scaled.jpg\",\"width\":2560,\"height\":617,\"caption\":\"grimann\"},\"logo\":{\"@id\":\"https:\\\/\\\/www.grimann.de\\\/wp-content\\\/uploads\\\/2022\\\/07\\\/signatur1-scaled.jpg\"},\"sameAs\":[\"https:\\\/\\\/www.grimann.de\",\"https:\\\/\\\/www.facebook.com\\\/adam.grimann\",\"https:\\\/\\\/www.instagram.com\\\/atelier_grimann\\\/\",\"https:\\\/\\\/www.linkedin.com\\\/in\\\/adam-grimann-4684a661\\\/\"]}]}<\/script>\n<!-- \/ Yoast SEO plugin. -->","yoast_head_json":{"title":"atelier grimann melerei ; adam grimann","description":"atelier grimann malerei ; hand; bemalte; schuhe; bilder; \u00f6lbilder; zeichnung;","robots":{"index":"index","follow":"follow","max-snippet":"max-snippet:-1","max-image-preview":"max-image-preview:large","max-video-preview":"max-video-preview:-1"},"canonical":"https:\/\/www.grimann.de\/zh\/deutsch-galerie-im-rathaus-enger\/","og_locale":"zh_CN","og_type":"article","og_title":"atelier grimann melerei ; adam grimann","og_description":"atelier grimann malerei ; hand; bemalte; schuhe; bilder; \u00f6lbilder; zeichnung;","og_url":"https:\/\/www.grimann.de\/zh\/deutsch-galerie-im-rathaus-enger\/","og_site_name":"my gallery","article_publisher":"https:\/\/www.facebook.com\/adam.grimann","article_author":"https:\/\/www.facebook.com\/adam.grimann","article_published_time":"2017-11-07T11:47:14+00:00","article_modified_time":"2019-06-13T11:23:35+00:00","og_image":[{"width":653,"height":825,"url":"https:\/\/www.grimann.de\/wp-content\/uploads\/2017\/11\/2017-09-25-22.54.32.jpg","type":"image\/jpeg"}],"author":"grimann","twitter_card":"summary_large_image","twitter_misc":{"\u4f5c\u8005":"grimann"},"schema":{"@context":"https:\/\/schema.org","@graph":[{"@type":"Article","@id":"https:\/\/www.grimann.de\/zh\/deutsch-galerie-im-rathaus-enger\/#article","isPartOf":{"@id":"https:\/\/www.grimann.de\/zh\/deutsch-galerie-im-rathaus-enger\/"},"author":{"name":"grimann","@id":"https:\/\/www.grimann.de\/#\/schema\/person\/b85eeb7bb21aee8cb16db5f471df2377"},"headline":"Galerie im Rathaus. Enger","datePublished":"2017-11-07T11:47:14+00:00","dateModified":"2019-06-13T11:23:35+00:00","mainEntityOfPage":{"@id":"https:\/\/www.grimann.de\/zh\/deutsch-galerie-im-rathaus-enger\/"},"wordCount":109,"commentCount":0,"publisher":{"@id":"https:\/\/www.grimann.de\/#\/schema\/person\/b85eeb7bb21aee8cb16db5f471df2377"},"image":{"@id":"https:\/\/www.grimann.de\/zh\/deutsch-galerie-im-rathaus-enger\/#primaryimage"},"thumbnailUrl":"https:\/\/www.grimann.de\/wp-content\/uploads\/2017\/11\/2017-09-25-22.54.32.jpg","keywords":["adam grimann enger","adam grimann im rathaus enger","ausstellung im rathaus enger","enger","enger kunstlandschaften","galerie in rathaus enger","rathaus enger","rathaus enger kunst","vernissage im rathaus enger"],"articleSection":["Allgemein","Art"],"inLanguage":"zh-Hans","potentialAction":[{"@type":"CommentAction","name":"Comment","target":["https:\/\/www.grimann.de\/zh\/deutsch-galerie-im-rathaus-enger\/#respond"]}]},{"@type":"WebPage","@id":"https:\/\/www.grimann.de\/zh\/deutsch-galerie-im-rathaus-enger\/","url":"https:\/\/www.grimann.de\/zh\/deutsch-galerie-im-rathaus-enger\/","name":"atelier grimann melerei ; adam grimann","isPartOf":{"@id":"https:\/\/www.grimann.de\/#website"},"primaryImageOfPage":{"@id":"https:\/\/www.grimann.de\/zh\/deutsch-galerie-im-rathaus-enger\/#primaryimage"},"image":{"@id":"https:\/\/www.grimann.de\/zh\/deutsch-galerie-im-rathaus-enger\/#primaryimage"},"thumbnailUrl":"https:\/\/www.grimann.de\/wp-content\/uploads\/2017\/11\/2017-09-25-22.54.32.jpg","datePublished":"2017-11-07T11:47:14+00:00","dateModified":"2019-06-13T11:23:35+00:00","description":"atelier grimann malerei ; hand; bemalte; schuhe; bilder; \u00f6lbilder; zeichnung;","breadcrumb":{"@id":"https:\/\/www.grimann.de\/zh\/deutsch-galerie-im-rathaus-enger\/#breadcrumb"},"inLanguage":"zh-Hans","potentialAction":[{"@type":"ReadAction","target":["https:\/\/www.grimann.de\/zh\/deutsch-galerie-im-rathaus-enger\/"]}]},{"@type":"ImageObject","inLanguage":"zh-Hans","@id":"https:\/\/www.grimann.de\/zh\/deutsch-galerie-im-rathaus-enger\/#primaryimage","url":"https:\/\/www.grimann.de\/wp-content\/uploads\/2017\/11\/2017-09-25-22.54.32.jpg","contentUrl":"https:\/\/www.grimann.de\/wp-content\/uploads\/2017\/11\/2017-09-25-22.54.32.jpg","width":653,"height":825},{"@type":"BreadcrumbList","@id":"https:\/\/www.grimann.de\/zh\/deutsch-galerie-im-rathaus-enger\/#breadcrumb","itemListElement":[{"@type":"ListItem","position":1,"name":"Home","item":"https:\/\/www.grimann.de\/"},{"@type":"ListItem","position":2,"name":"(Deutsch) Galerie im Rathaus. Enger"}]},{"@type":"WebSite","@id":"https:\/\/www.grimann.de\/#website","url":"https:\/\/www.grimann.de\/","name":"my gallery","description":"adams art","publisher":{"@id":"https:\/\/www.grimann.de\/#\/schema\/person\/b85eeb7bb21aee8cb16db5f471df2377"},"potentialAction":[{"@type":"SearchAction","target":{"@type":"EntryPoint","urlTemplate":"https:\/\/www.grimann.de\/?s={search_term_string}"},"query-input":{"@type":"PropertyValueSpecification","valueRequired":true,"valueName":"search_term_string"}}],"inLanguage":"zh-Hans"},{"@type":["Person","Organization"],"@id":"https:\/\/www.grimann.de\/#\/schema\/person\/b85eeb7bb21aee8cb16db5f471df2377","name":"grimann","image":{"@type":"ImageObject","inLanguage":"zh-Hans","@id":"https:\/\/www.grimann.de\/wp-content\/uploads\/2022\/07\/signatur1-scaled.jpg","url":"https:\/\/www.grimann.de\/wp-content\/uploads\/2022\/07\/signatur1-scaled.jpg","contentUrl":"https:\/\/www.grimann.de\/wp-content\/uploads\/2022\/07\/signatur1-scaled.jpg","width":2560,"height":617,"caption":"grimann"},"logo":{"@id":"https:\/\/www.grimann.de\/wp-content\/uploads\/2022\/07\/signatur1-scaled.jpg"},"sameAs":["https:\/\/www.grimann.de","https:\/\/www.facebook.com\/adam.grimann","https:\/\/www.instagram.com\/atelier_grimann\/","https:\/\/www.linkedin.com\/in\/adam-grimann-4684a661\/"]}]}},"_links":{"self":[{"href":"https:\/\/www.grimann.de\/zh\/wp-json\/wp\/v2\/posts\/1916","targetHints":{"allow":["GET"]}}],"collection":[{"href":"https:\/\/www.grimann.de\/zh\/wp-json\/wp\/v2\/posts"}],"about":[{"href":"https:\/\/www.grimann.de\/zh\/wp-json\/wp\/v2\/types\/post"}],"author":[{"embeddable":true,"href":"https:\/\/www.grimann.de\/zh\/wp-json\/wp\/v2\/users\/1"}],"replies":[{"embeddable":true,"href":"https:\/\/www.grimann.de\/zh\/wp-json\/wp\/v2\/comments?post=1916"}],"version-history":[{"count":10,"href":"https:\/\/www.grimann.de\/zh\/wp-json\/wp\/v2\/posts\/1916\/revisions"}],"predecessor-version":[{"id":2331,"href":"https:\/\/www.grimann.de\/zh\/wp-json\/wp\/v2\/posts\/1916\/revisions\/2331"}],"wp:featuredmedia":[{"embeddable":true,"href":"https:\/\/www.grimann.de\/zh\/wp-json\/wp\/v2\/media\/1920"}],"wp:attachment":[{"href":"https:\/\/www.grimann.de\/zh\/wp-json\/wp\/v2\/media?parent=1916"}],"wp:term":[{"taxonomy":"category","embeddable":true,"href":"https:\/\/www.grimann.de\/zh\/wp-json\/wp\/v2\/categories?post=1916"},{"taxonomy":"post_tag","embeddable":true,"href":"https:\/\/www.grimann.de\/zh\/wp-json\/wp\/v2\/tags?post=1916"}],"curies":[{"name":"wp","href":"https:\/\/api.w.org\/{rel}","templated":true}]}}