{"id":2113,"date":"2018-08-17T06:51:49","date_gmt":"2018-08-17T04:51:49","guid":{"rendered":"http:\/\/www.grimann.de\/?p=2113"},"modified":"2019-02-19T15:29:21","modified_gmt":"2019-02-19T13:29:21","slug":"gemeinschaftsausstellung-und-jubilaeums-sommerfest","status":"publish","type":"post","link":"https:\/\/www.grimann.de\/zh\/gemeinschaftsausstellung-und-jubilaeums-sommerfest\/","title":{"rendered":"Gemeinschaftsausstellung und Jubil\u00e4ums Sommerfest!!"},"content":{"rendered":"<p class=\"qtranxs-available-languages-message qtranxs-available-languages-message-zh\">\u5bf9\u4e0d\u8d77\uff0c\u6b64\u5185\u5bb9\u53ea\u9002\u7528\u4e8e<a href=\"https:\/\/www.grimann.de\/de\/wp-json\/wp\/v2\/posts\/2113\" class=\"qtranxs-available-language-link qtranxs-available-language-link-de\" title=\"Deutsch\">Deutsch<\/a>\u548c<a href=\"https:\/\/www.grimann.de\/pl\/wp-json\/wp\/v2\/posts\/2113\" class=\"qtranxs-available-language-link qtranxs-available-language-link-pl\" title=\"Polski\">Polski<\/a>\u3002 For the sake of viewer convenience, the content is shown below in this site default language. You may click one of the links to switch the site language to another available language.<\/p><p><\/p>\n<p style=\"text-align: center;\">Die Vorbereitungen laufen &#8211; es wird wieder sch\u00f6n sein ! \ud83d\ude42<\/p>\n<p>&nbsp;<\/p>\n<p><a href=\"http:\/\/www.grimann.de\/wp-content\/uploads\/2018\/08\/fachwerk.jpg\" target=\"_blank\" rel=\"noopener\"><img loading=\"lazy\" decoding=\"async\" class=\"aligncenter wp-image-2114 size-large\" src=\"http:\/\/www.grimann.de\/wp-content\/uploads\/2018\/08\/fachwerk-334x614.jpg\" alt=\"\" width=\"334\" height=\"614\" srcset=\"https:\/\/www.grimann.de\/wp-content\/uploads\/2018\/08\/fachwerk-334x614.jpg 334w, https:\/\/www.grimann.de\/wp-content\/uploads\/2018\/08\/fachwerk-300x551.jpg 300w, https:\/\/www.grimann.de\/wp-content\/uploads\/2018\/08\/fachwerk-82x150.jpg 82w, https:\/\/www.grimann.de\/wp-content\/uploads\/2018\/08\/fachwerk-163x300.jpg 163w, https:\/\/www.grimann.de\/wp-content\/uploads\/2018\/08\/fachwerk.jpg 422w\" sizes=\"auto, (max-width: 334px) 100vw, 334px\" \/><\/a><\/p>\n<p>&nbsp;<\/p>","protected":false},"excerpt":{"rendered":"<p class=\"qtranxs-available-languages-message qtranxs-available-languages-message-zh\">\u5bf9\u4e0d\u8d77\uff0c\u6b64\u5185\u5bb9\u53ea\u9002\u7528\u4e8e<a href=\"https:\/\/www.grimann.de\/de\/wp-json\/wp\/v2\/posts\/2113\" class=\"qtranxs-available-language-link qtranxs-available-language-link-de\" title=\"Deutsch\">Deutsch<\/a>\u548c<a href=\"https:\/\/www.grimann.de\/pl\/wp-json\/wp\/v2\/posts\/2113\" class=\"qtranxs-available-language-link qtranxs-available-language-link-pl\" title=\"Polski\">Polski<\/a>\u3002 For the sake of viewer convenience, the content is shown below in this site default language. You may click one of the links to switch the site language to another available language.<\/p>\n<p>Die Vorbereitungen laufen &#8211; es wird wieder sch\u00f6n ! \ud83d\ude42<\/p>\n","protected":false},"author":1,"featured_media":2114,"comment_status":"open","ping_status":"open","sticky":false,"template":"","format":"standard","meta":{"_exactmetrics_skip_tracking":false,"_exactmetrics_sitenote_active":false,"_exactmetrics_sitenote_note":"","_exactmetrics_sitenote_category":0,"ngg_post_thumbnail":0,"ocean_post_layout":"","ocean_both_sidebars_style":"","ocean_both_sidebars_content_width":0,"ocean_both_sidebars_sidebars_width":0,"ocean_sidebar":"","ocean_second_sidebar":"","ocean_disable_margins":"enable","ocean_add_body_class":"","ocean_shortcode_before_top_bar":"","ocean_shortcode_after_top_bar":"","ocean_shortcode_before_header":"","ocean_shortcode_after_header":"","ocean_has_shortcode":"","ocean_shortcode_after_title":"","ocean_shortcode_before_footer_widgets":"","ocean_shortcode_after_footer_widgets":"","ocean_shortcode_before_footer_bottom":"","ocean_shortcode_after_footer_bottom":"","ocean_display_top_bar":"default","ocean_display_header":"default","ocean_header_style":"","ocean_center_header_left_menu":"","ocean_custom_header_template":"","ocean_custom_logo":0,"ocean_custom_retina_logo":0,"ocean_custom_logo_max_width":0,"ocean_custom_logo_tablet_max_width":0,"ocean_custom_logo_mobile_max_width":0,"ocean_custom_logo_max_height":0,"ocean_custom_logo_tablet_max_height":0,"ocean_custom_logo_mobile_max_height":0,"ocean_header_custom_menu":"","ocean_menu_typo_font_family":"","ocean_menu_typo_font_subset":"","ocean_menu_typo_font_size":0,"ocean_menu_typo_font_size_tablet":0,"ocean_menu_typo_font_size_mobile":0,"ocean_menu_typo_font_size_unit":"px","ocean_menu_typo_font_weight":"","ocean_menu_typo_font_weight_tablet":"","ocean_menu_typo_font_weight_mobile":"","ocean_menu_typo_transform":"","ocean_menu_typo_transform_tablet":"","ocean_menu_typo_transform_mobile":"","ocean_menu_typo_line_height":0,"ocean_menu_typo_line_height_tablet":0,"ocean_menu_typo_line_height_mobile":0,"ocean_menu_typo_line_height_unit":"","ocean_menu_typo_spacing":0,"ocean_menu_typo_spacing_tablet":0,"ocean_menu_typo_spacing_mobile":0,"ocean_menu_typo_spacing_unit":"","ocean_menu_link_color":"","ocean_menu_link_color_hover":"","ocean_menu_link_color_active":"","ocean_menu_link_background":"","ocean_menu_link_hover_background":"","ocean_menu_link_active_background":"","ocean_menu_social_links_bg":"","ocean_menu_social_hover_links_bg":"","ocean_menu_social_links_color":"","ocean_menu_social_hover_links_color":"","ocean_disable_title":"default","ocean_disable_heading":"default","ocean_post_title":"","ocean_post_subheading":"","ocean_post_title_style":"","ocean_post_title_background_color":"","ocean_post_title_background":0,"ocean_post_title_bg_image_position":"","ocean_post_title_bg_image_attachment":"","ocean_post_title_bg_image_repeat":"","ocean_post_title_bg_image_size":"","ocean_post_title_height":0,"ocean_post_title_bg_overlay":0.5,"ocean_post_title_bg_overlay_color":"","ocean_disable_breadcrumbs":"default","ocean_breadcrumbs_color":"","ocean_breadcrumbs_separator_color":"","ocean_breadcrumbs_links_color":"","ocean_breadcrumbs_links_hover_color":"","ocean_display_footer_widgets":"default","ocean_display_footer_bottom":"default","ocean_custom_footer_template":"","ocean_post_oembed":"","ocean_post_self_hosted_media":"","ocean_post_video_embed":"","ocean_link_format":"","ocean_link_format_target":"self","ocean_quote_format":"","ocean_quote_format_link":"post","ocean_gallery_link_images":"on","ocean_gallery_id":[],"footnotes":""},"categories":[1,67],"tags":[417,416,11,414,415,83,68,412,420,418,419,332,73,413,96,423,422,421,520,331],"class_list":["post-2113","post","type-post","status-publish","format-standard","has-post-thumbnail","hentry","category-allgemein","category-art-2","tag-40-jahre","tag-40-jahre-fachwerk","tag-adam-grimann","tag-adam-grimann-gemeinschaftsausstellung","tag-adam-grimann-papparbeiten","tag-art-herford","tag-das-fachwerk","tag-das-fachwerk-adam-grimann","tag-das-fachwerk-bad-salzuflen","tag-das-fachwerk-bad-salzuflen-adam-grimann","tag-das-fachwerk-schoetmar","tag-enger-kunstlandschaften","tag-gemeinschaftsausstellung","tag-gemeinschaftsausstellung-2018","tag-individuelle-kunst","tag-jubilaeum-ausstellung-adam-grimann","tag-jubilaeum-ausstellung-das-fachwerk","tag-jubilaeumsausstellung","tag-karl-lagerfeld","tag-kunstlandschaften","entry","has-media","owp-thumbs-layout-horizontal","owp-btn-normal","owp-tabs-layout-horizontal","has-no-thumbnails","has-product-nav"],"yoast_head":"<!-- This site is optimized with the Yoast SEO plugin v27.4 - https:\/\/yoast.com\/product\/yoast-seo-wordpress\/ -->\n<title>atelier grimann melerei ; adam grimann<\/title>\n<meta name=\"description\" content=\"atelier grimann malerei ; hand; bemalte; schuhe; bilder; \u00f6lbilder; zeichnung;\" \/>\n<meta name=\"robots\" content=\"index, follow, max-snippet:-1, max-image-preview:large, max-video-preview:-1\" \/>\n<link rel=\"canonical\" href=\"https:\/\/www.grimann.de\/gemeinschaftsausstellung-und-jubilaeums-sommerfest\/\" \/>\n<meta property=\"og:locale\" content=\"zh_CN\" \/>\n<meta property=\"og:type\" content=\"article\" \/>\n<meta property=\"og:title\" content=\"atelier grimann melerei ; adam grimann\" \/>\n<meta property=\"og:description\" content=\"atelier grimann malerei ; hand; bemalte; schuhe; bilder; \u00f6lbilder; zeichnung;\" \/>\n<meta property=\"og:url\" content=\"https:\/\/www.grimann.de\/gemeinschaftsausstellung-und-jubilaeums-sommerfest\/\" \/>\n<meta property=\"og:site_name\" content=\"my gallery\" \/>\n<meta property=\"article:publisher\" content=\"https:\/\/www.facebook.com\/adam.grimann\" \/>\n<meta property=\"article:author\" content=\"https:\/\/www.facebook.com\/adam.grimann\" \/>\n<meta property=\"article:published_time\" content=\"2018-08-17T04:51:49+00:00\" \/>\n<meta property=\"article:modified_time\" content=\"2019-02-19T13:29:21+00:00\" \/>\n<meta property=\"og:image\" content=\"https:\/\/www.grimann.de\/wp-content\/uploads\/2018\/08\/fachwerk.jpg\" \/>\n\t<meta property=\"og:image:width\" content=\"422\" \/>\n\t<meta property=\"og:image:height\" content=\"775\" \/>\n\t<meta property=\"og:image:type\" content=\"image\/jpeg\" \/>\n<meta name=\"author\" content=\"grimann\" \/>\n<meta name=\"twitter:card\" content=\"summary_large_image\" \/>\n<meta name=\"twitter:label1\" content=\"\u4f5c\u8005\" \/>\n\t<meta name=\"twitter:data1\" content=\"grimann\" \/>\n<script type=\"application\/ld+json\" class=\"yoast-schema-graph\">{\"@context\":\"https:\\\/\\\/schema.org\",\"@graph\":[{\"@type\":\"Article\",\"@id\":\"https:\\\/\\\/www.grimann.de\\\/gemeinschaftsausstellung-und-jubilaeums-sommerfest\\\/#article\",\"isPartOf\":{\"@id\":\"https:\\\/\\\/www.grimann.de\\\/gemeinschaftsausstellung-und-jubilaeums-sommerfest\\\/\"},\"author\":{\"name\":\"grimann\",\"@id\":\"https:\\\/\\\/www.grimann.de\\\/#\\\/schema\\\/person\\\/b85eeb7bb21aee8cb16db5f471df2377\"},\"headline\":\"Gemeinschaftsausstellung und Jubil\u00e4ums Sommerfest!!\",\"datePublished\":\"2018-08-17T04:51:49+00:00\",\"dateModified\":\"2019-02-19T13:29:21+00:00\",\"mainEntityOfPage\":{\"@id\":\"https:\\\/\\\/www.grimann.de\\\/gemeinschaftsausstellung-und-jubilaeums-sommerfest\\\/\"},\"wordCount\":30,\"commentCount\":0,\"publisher\":{\"@id\":\"https:\\\/\\\/www.grimann.de\\\/#\\\/schema\\\/person\\\/b85eeb7bb21aee8cb16db5f471df2377\"},\"image\":{\"@id\":\"https:\\\/\\\/www.grimann.de\\\/gemeinschaftsausstellung-und-jubilaeums-sommerfest\\\/#primaryimage\"},\"thumbnailUrl\":\"https:\\\/\\\/www.grimann.de\\\/wp-content\\\/uploads\\\/2018\\\/08\\\/fachwerk.jpg\",\"keywords\":[\"40 jahre\",\"40 jahre fachwerk\",\"Adam Grimann\",\"adam grimann gemeinschaftsausstellung\",\"adam grimann papparbeiten\",\"Art Herford\",\"Das Fachwerk\",\"das Fachwerk Adam Grimann\",\"Das Fachwerk Bad Salzuflen\",\"Das Fachwerk Bad Salzuflen Adam Grimann\",\"Das Fachwerk Sch\u00f6tmar\",\"enger kunstlandschaften\",\"Gemeinschaftsausstellung\",\"Gemeinschaftsausstellung 2018\",\"Individuelle Kunst\",\"Jubil\u00e4um Ausstellung Adam Grimann\",\"Jubil\u00e4um Ausstellung Das Fachwerk\",\"Jubil\u00e4umsausstellung\",\"karl lagerfeld\",\"kunstlandschaften\"],\"articleSection\":[\"Allgemein\",\"Art\"],\"inLanguage\":\"zh-Hans\",\"potentialAction\":[{\"@type\":\"CommentAction\",\"name\":\"Comment\",\"target\":[\"https:\\\/\\\/www.grimann.de\\\/gemeinschaftsausstellung-und-jubilaeums-sommerfest\\\/#respond\"]}]},{\"@type\":\"WebPage\",\"@id\":\"https:\\\/\\\/www.grimann.de\\\/gemeinschaftsausstellung-und-jubilaeums-sommerfest\\\/\",\"url\":\"https:\\\/\\\/www.grimann.de\\\/gemeinschaftsausstellung-und-jubilaeums-sommerfest\\\/\",\"name\":\"atelier grimann melerei ; adam grimann\",\"isPartOf\":{\"@id\":\"https:\\\/\\\/www.grimann.de\\\/#website\"},\"primaryImageOfPage\":{\"@id\":\"https:\\\/\\\/www.grimann.de\\\/gemeinschaftsausstellung-und-jubilaeums-sommerfest\\\/#primaryimage\"},\"image\":{\"@id\":\"https:\\\/\\\/www.grimann.de\\\/gemeinschaftsausstellung-und-jubilaeums-sommerfest\\\/#primaryimage\"},\"thumbnailUrl\":\"https:\\\/\\\/www.grimann.de\\\/wp-content\\\/uploads\\\/2018\\\/08\\\/fachwerk.jpg\",\"datePublished\":\"2018-08-17T04:51:49+00:00\",\"dateModified\":\"2019-02-19T13:29:21+00:00\",\"description\":\"atelier grimann malerei ; hand; bemalte; schuhe; bilder; \u00f6lbilder; zeichnung;\",\"breadcrumb\":{\"@id\":\"https:\\\/\\\/www.grimann.de\\\/gemeinschaftsausstellung-und-jubilaeums-sommerfest\\\/#breadcrumb\"},\"inLanguage\":\"zh-Hans\",\"potentialAction\":[{\"@type\":\"ReadAction\",\"target\":[\"https:\\\/\\\/www.grimann.de\\\/gemeinschaftsausstellung-und-jubilaeums-sommerfest\\\/\"]}]},{\"@type\":\"ImageObject\",\"inLanguage\":\"zh-Hans\",\"@id\":\"https:\\\/\\\/www.grimann.de\\\/gemeinschaftsausstellung-und-jubilaeums-sommerfest\\\/#primaryimage\",\"url\":\"https:\\\/\\\/www.grimann.de\\\/wp-content\\\/uploads\\\/2018\\\/08\\\/fachwerk.jpg\",\"contentUrl\":\"https:\\\/\\\/www.grimann.de\\\/wp-content\\\/uploads\\\/2018\\\/08\\\/fachwerk.jpg\",\"width\":422,\"height\":775},{\"@type\":\"BreadcrumbList\",\"@id\":\"https:\\\/\\\/www.grimann.de\\\/gemeinschaftsausstellung-und-jubilaeums-sommerfest\\\/#breadcrumb\",\"itemListElement\":[{\"@type\":\"ListItem\",\"position\":1,\"name\":\"Home\",\"item\":\"https:\\\/\\\/www.grimann.de\\\/\"},{\"@type\":\"ListItem\",\"position\":2,\"name\":\"Gemeinschaftsausstellung und Jubil\u00e4ums Sommerfest!!\"}]},{\"@type\":\"WebSite\",\"@id\":\"https:\\\/\\\/www.grimann.de\\\/#website\",\"url\":\"https:\\\/\\\/www.grimann.de\\\/\",\"name\":\"my gallery\",\"description\":\"adams art\",\"publisher\":{\"@id\":\"https:\\\/\\\/www.grimann.de\\\/#\\\/schema\\\/person\\\/b85eeb7bb21aee8cb16db5f471df2377\"},\"potentialAction\":[{\"@type\":\"SearchAction\",\"target\":{\"@type\":\"EntryPoint\",\"urlTemplate\":\"https:\\\/\\\/www.grimann.de\\\/?s={search_term_string}\"},\"query-input\":{\"@type\":\"PropertyValueSpecification\",\"valueRequired\":true,\"valueName\":\"search_term_string\"}}],\"inLanguage\":\"zh-Hans\"},{\"@type\":[\"Person\",\"Organization\"],\"@id\":\"https:\\\/\\\/www.grimann.de\\\/#\\\/schema\\\/person\\\/b85eeb7bb21aee8cb16db5f471df2377\",\"name\":\"grimann\",\"image\":{\"@type\":\"ImageObject\",\"inLanguage\":\"zh-Hans\",\"@id\":\"https:\\\/\\\/www.grimann.de\\\/wp-content\\\/uploads\\\/2022\\\/07\\\/signatur1-scaled.jpg\",\"url\":\"https:\\\/\\\/www.grimann.de\\\/wp-content\\\/uploads\\\/2022\\\/07\\\/signatur1-scaled.jpg\",\"contentUrl\":\"https:\\\/\\\/www.grimann.de\\\/wp-content\\\/uploads\\\/2022\\\/07\\\/signatur1-scaled.jpg\",\"width\":2560,\"height\":617,\"caption\":\"grimann\"},\"logo\":{\"@id\":\"https:\\\/\\\/www.grimann.de\\\/wp-content\\\/uploads\\\/2022\\\/07\\\/signatur1-scaled.jpg\"},\"sameAs\":[\"https:\\\/\\\/www.grimann.de\",\"https:\\\/\\\/www.facebook.com\\\/adam.grimann\",\"https:\\\/\\\/www.instagram.com\\\/atelier_grimann\\\/\",\"https:\\\/\\\/www.linkedin.com\\\/in\\\/adam-grimann-4684a661\\\/\"]}]}<\/script>\n<!-- \/ Yoast SEO plugin. -->","yoast_head_json":{"title":"atelier grimann melerei ; adam grimann","description":"atelier grimann malerei ; hand; bemalte; schuhe; bilder; \u00f6lbilder; zeichnung;","robots":{"index":"index","follow":"follow","max-snippet":"max-snippet:-1","max-image-preview":"max-image-preview:large","max-video-preview":"max-video-preview:-1"},"canonical":"https:\/\/www.grimann.de\/gemeinschaftsausstellung-und-jubilaeums-sommerfest\/","og_locale":"zh_CN","og_type":"article","og_title":"atelier grimann melerei ; adam grimann","og_description":"atelier grimann malerei ; hand; bemalte; schuhe; bilder; \u00f6lbilder; zeichnung;","og_url":"https:\/\/www.grimann.de\/gemeinschaftsausstellung-und-jubilaeums-sommerfest\/","og_site_name":"my gallery","article_publisher":"https:\/\/www.facebook.com\/adam.grimann","article_author":"https:\/\/www.facebook.com\/adam.grimann","article_published_time":"2018-08-17T04:51:49+00:00","article_modified_time":"2019-02-19T13:29:21+00:00","og_image":[{"width":422,"height":775,"url":"https:\/\/www.grimann.de\/wp-content\/uploads\/2018\/08\/fachwerk.jpg","type":"image\/jpeg"}],"author":"grimann","twitter_card":"summary_large_image","twitter_misc":{"\u4f5c\u8005":"grimann"},"schema":{"@context":"https:\/\/schema.org","@graph":[{"@type":"Article","@id":"https:\/\/www.grimann.de\/gemeinschaftsausstellung-und-jubilaeums-sommerfest\/#article","isPartOf":{"@id":"https:\/\/www.grimann.de\/gemeinschaftsausstellung-und-jubilaeums-sommerfest\/"},"author":{"name":"grimann","@id":"https:\/\/www.grimann.de\/#\/schema\/person\/b85eeb7bb21aee8cb16db5f471df2377"},"headline":"Gemeinschaftsausstellung und Jubil\u00e4ums Sommerfest!!","datePublished":"2018-08-17T04:51:49+00:00","dateModified":"2019-02-19T13:29:21+00:00","mainEntityOfPage":{"@id":"https:\/\/www.grimann.de\/gemeinschaftsausstellung-und-jubilaeums-sommerfest\/"},"wordCount":30,"commentCount":0,"publisher":{"@id":"https:\/\/www.grimann.de\/#\/schema\/person\/b85eeb7bb21aee8cb16db5f471df2377"},"image":{"@id":"https:\/\/www.grimann.de\/gemeinschaftsausstellung-und-jubilaeums-sommerfest\/#primaryimage"},"thumbnailUrl":"https:\/\/www.grimann.de\/wp-content\/uploads\/2018\/08\/fachwerk.jpg","keywords":["40 jahre","40 jahre fachwerk","Adam Grimann","adam grimann gemeinschaftsausstellung","adam grimann papparbeiten","Art Herford","Das Fachwerk","das Fachwerk Adam Grimann","Das Fachwerk Bad Salzuflen","Das Fachwerk Bad Salzuflen Adam Grimann","Das Fachwerk Sch\u00f6tmar","enger kunstlandschaften","Gemeinschaftsausstellung","Gemeinschaftsausstellung 2018","Individuelle Kunst","Jubil\u00e4um Ausstellung Adam Grimann","Jubil\u00e4um Ausstellung Das Fachwerk","Jubil\u00e4umsausstellung","karl lagerfeld","kunstlandschaften"],"articleSection":["Allgemein","Art"],"inLanguage":"zh-Hans","potentialAction":[{"@type":"CommentAction","name":"Comment","target":["https:\/\/www.grimann.de\/gemeinschaftsausstellung-und-jubilaeums-sommerfest\/#respond"]}]},{"@type":"WebPage","@id":"https:\/\/www.grimann.de\/gemeinschaftsausstellung-und-jubilaeums-sommerfest\/","url":"https:\/\/www.grimann.de\/gemeinschaftsausstellung-und-jubilaeums-sommerfest\/","name":"atelier grimann melerei ; adam grimann","isPartOf":{"@id":"https:\/\/www.grimann.de\/#website"},"primaryImageOfPage":{"@id":"https:\/\/www.grimann.de\/gemeinschaftsausstellung-und-jubilaeums-sommerfest\/#primaryimage"},"image":{"@id":"https:\/\/www.grimann.de\/gemeinschaftsausstellung-und-jubilaeums-sommerfest\/#primaryimage"},"thumbnailUrl":"https:\/\/www.grimann.de\/wp-content\/uploads\/2018\/08\/fachwerk.jpg","datePublished":"2018-08-17T04:51:49+00:00","dateModified":"2019-02-19T13:29:21+00:00","description":"atelier grimann malerei ; hand; bemalte; schuhe; bilder; \u00f6lbilder; zeichnung;","breadcrumb":{"@id":"https:\/\/www.grimann.de\/gemeinschaftsausstellung-und-jubilaeums-sommerfest\/#breadcrumb"},"inLanguage":"zh-Hans","potentialAction":[{"@type":"ReadAction","target":["https:\/\/www.grimann.de\/gemeinschaftsausstellung-und-jubilaeums-sommerfest\/"]}]},{"@type":"ImageObject","inLanguage":"zh-Hans","@id":"https:\/\/www.grimann.de\/gemeinschaftsausstellung-und-jubilaeums-sommerfest\/#primaryimage","url":"https:\/\/www.grimann.de\/wp-content\/uploads\/2018\/08\/fachwerk.jpg","contentUrl":"https:\/\/www.grimann.de\/wp-content\/uploads\/2018\/08\/fachwerk.jpg","width":422,"height":775},{"@type":"BreadcrumbList","@id":"https:\/\/www.grimann.de\/gemeinschaftsausstellung-und-jubilaeums-sommerfest\/#breadcrumb","itemListElement":[{"@type":"ListItem","position":1,"name":"Home","item":"https:\/\/www.grimann.de\/"},{"@type":"ListItem","position":2,"name":"Gemeinschaftsausstellung und Jubil\u00e4ums Sommerfest!!"}]},{"@type":"WebSite","@id":"https:\/\/www.grimann.de\/#website","url":"https:\/\/www.grimann.de\/","name":"my gallery","description":"adams art","publisher":{"@id":"https:\/\/www.grimann.de\/#\/schema\/person\/b85eeb7bb21aee8cb16db5f471df2377"},"potentialAction":[{"@type":"SearchAction","target":{"@type":"EntryPoint","urlTemplate":"https:\/\/www.grimann.de\/?s={search_term_string}"},"query-input":{"@type":"PropertyValueSpecification","valueRequired":true,"valueName":"search_term_string"}}],"inLanguage":"zh-Hans"},{"@type":["Person","Organization"],"@id":"https:\/\/www.grimann.de\/#\/schema\/person\/b85eeb7bb21aee8cb16db5f471df2377","name":"grimann","image":{"@type":"ImageObject","inLanguage":"zh-Hans","@id":"https:\/\/www.grimann.de\/wp-content\/uploads\/2022\/07\/signatur1-scaled.jpg","url":"https:\/\/www.grimann.de\/wp-content\/uploads\/2022\/07\/signatur1-scaled.jpg","contentUrl":"https:\/\/www.grimann.de\/wp-content\/uploads\/2022\/07\/signatur1-scaled.jpg","width":2560,"height":617,"caption":"grimann"},"logo":{"@id":"https:\/\/www.grimann.de\/wp-content\/uploads\/2022\/07\/signatur1-scaled.jpg"},"sameAs":["https:\/\/www.grimann.de","https:\/\/www.facebook.com\/adam.grimann","https:\/\/www.instagram.com\/atelier_grimann\/","https:\/\/www.linkedin.com\/in\/adam-grimann-4684a661\/"]}]}},"_links":{"self":[{"href":"https:\/\/www.grimann.de\/zh\/wp-json\/wp\/v2\/posts\/2113","targetHints":{"allow":["GET"]}}],"collection":[{"href":"https:\/\/www.grimann.de\/zh\/wp-json\/wp\/v2\/posts"}],"about":[{"href":"https:\/\/www.grimann.de\/zh\/wp-json\/wp\/v2\/types\/post"}],"author":[{"embeddable":true,"href":"https:\/\/www.grimann.de\/zh\/wp-json\/wp\/v2\/users\/1"}],"replies":[{"embeddable":true,"href":"https:\/\/www.grimann.de\/zh\/wp-json\/wp\/v2\/comments?post=2113"}],"version-history":[{"count":6,"href":"https:\/\/www.grimann.de\/zh\/wp-json\/wp\/v2\/posts\/2113\/revisions"}],"predecessor-version":[{"id":2125,"href":"https:\/\/www.grimann.de\/zh\/wp-json\/wp\/v2\/posts\/2113\/revisions\/2125"}],"wp:featuredmedia":[{"embeddable":true,"href":"https:\/\/www.grimann.de\/zh\/wp-json\/wp\/v2\/media\/2114"}],"wp:attachment":[{"href":"https:\/\/www.grimann.de\/zh\/wp-json\/wp\/v2\/media?parent=2113"}],"wp:term":[{"taxonomy":"category","embeddable":true,"href":"https:\/\/www.grimann.de\/zh\/wp-json\/wp\/v2\/categories?post=2113"},{"taxonomy":"post_tag","embeddable":true,"href":"https:\/\/www.grimann.de\/zh\/wp-json\/wp\/v2\/tags?post=2113"}],"curies":[{"name":"wp","href":"https:\/\/api.w.org\/{rel}","templated":true}]}}