{"id":3560,"date":"2025-01-28T21:43:21","date_gmt":"2025-01-28T19:43:21","guid":{"rendered":"https:\/\/www.grimann.de\/?p=3560"},"modified":"2025-01-28T22:51:22","modified_gmt":"2025-01-28T20:51:22","slug":"bbk-owl-die-vernissage","status":"publish","type":"post","link":"https:\/\/www.grimann.de\/zh\/bbk-owl-die-vernissage\/","title":{"rendered":"BBK-OWL, die Vernissage"},"content":{"rendered":"<p class=\"qtranxs-available-languages-message qtranxs-available-languages-message-zh\">\u5bf9\u4e0d\u8d77\uff0c\u6b64\u5185\u5bb9\u53ea\u9002\u7528\u4e8e<a href=\"https:\/\/www.grimann.de\/de\/wp-json\/wp\/v2\/posts\/3560\" class=\"qtranxs-available-language-link qtranxs-available-language-link-de\" title=\"Deutsch\">Deutsch<\/a>\u548c<a href=\"https:\/\/www.grimann.de\/pl\/wp-json\/wp\/v2\/posts\/3560\" class=\"qtranxs-available-language-link qtranxs-available-language-link-pl\" title=\"Polski\">Polski<\/a>\u3002 For the sake of viewer convenience, the content is shown below in this site default language. You may click one of the links to switch the site language to another available language.<\/p><p>Die Vernissage am Sonntag war von vielen G\u00e4sten&#8230;<\/p>\n<p><!--more-->&#8230;sehr gut besucht. Der Sinn dieser Gemeinschaftsausstellung bestand daran zehn neue Mitglieder des Verbandes BBK-OWL vorzustellen. Jede und jeder vor uns sollte mit einigen Arbeiten darstellen, wof\u00fcr sie, oder er brennt. Mein Bestreben war die vier Bilder, die ich pr\u00e4sentieren wollte in einem Rahmen zu packen und als eine Einheit zu darzustellen. Die selbstauferlegte Aufgabe war nicht einfach, weil jedes der Bilder f\u00fcr sich steht und eine eigene Geschichte erz\u00e4hlt. Zum Zwecke dieser Vorstellung habe ich alle Arbeiten unter dem Motto Maske gruppiert und dem Thema gen\u00e4hert. Als Eyecatcher schwebte \u00fcber meinem Bereich eine gro\u00dfe Wellpappmaske und nah den Bildern habe ich einige geschriebene Gedanken in Form kleiner Masken, wie sonst, geh\u00e4ngt. F\u00fcr die Vernissage habe ich eine Performance vorbereitet. Diese sollte meine Vorstellung abschlie\u00dfen.<\/p>\n<p>Ich habe f\u00fcr mich auch eine Maske erstellt, die ich angezogen habe und wenn die ersten G\u00e4ste reinstr\u00f6mten, habe ich meine Maske \u00fcbergezogen, rote Handschuhe angezogen und mich in einer Ecke, nah meinen Werken, auf dem Boden hingesetzt. So sa\u00df ich dort bewegungslos, bis die Vorstellungsrunde meiner neuen Kollegen zu Ende war und ich dran gewesen bin. Es dauerte gute dreiviertel Stunde und die G\u00e4ste zweifelten, ob ich drunter der Maske noch lebe, oder zumindest ausreichend Luft bek\u00e4me. Ich dagegen konnte noch viel l\u00e4nger sitzen, weil es am\u00fcsant war den Menschen zuzusehen, wie sie auf mich reagierten. Und die Reaktionen waren sehr positiv, was mich angenehm \u00fcberraschte. Nachdem ich aufgestanden bin, die roten Handschuhe und die Maske auszog bekam ich auch sofort Applaus, womit ich gar nicht gerechnet habe. Ich erz\u00e4hlte dann ein wenig und beendete meine Performance in dem ich allen Gestalten in meinen vier Bildern je eine Ledermaske aufsetzte, womit ich das ganze abrundete. Meine kleine Ausstellung unter dem Motto Maske war damit komplett.<\/p>\n<p>ngg_shortcode_0_placeholder<\/p>","protected":false},"excerpt":{"rendered":"<p>\u5bf9\u4e0d\u8d77\uff0c\u6b64\u5185\u5bb9\u53ea\u9002\u7528\u4e8eDeutsch\u3002 For the sake of viewer convenience, [&hellip;]<\/p>\n","protected":false},"author":1,"featured_media":3561,"comment_status":"open","ping_status":"open","sticky":false,"template":"","format":"standard","meta":{"_exactmetrics_skip_tracking":false,"_exactmetrics_sitenote_active":false,"_exactmetrics_sitenote_note":"","_exactmetrics_sitenote_category":0,"ngg_post_thumbnail":0,"ocean_post_layout":"","ocean_both_sidebars_style":"","ocean_both_sidebars_content_width":0,"ocean_both_sidebars_sidebars_width":0,"ocean_sidebar":"0","ocean_second_sidebar":"0","ocean_disable_margins":"enable","ocean_add_body_class":"","ocean_shortcode_before_top_bar":"","ocean_shortcode_after_top_bar":"","ocean_shortcode_before_header":"","ocean_shortcode_after_header":"","ocean_has_shortcode":"","ocean_shortcode_after_title":"","ocean_shortcode_before_footer_widgets":"","ocean_shortcode_after_footer_widgets":"","ocean_shortcode_before_footer_bottom":"","ocean_shortcode_after_footer_bottom":"","ocean_display_top_bar":"default","ocean_display_header":"default","ocean_header_style":"","ocean_center_header_left_menu":"0","ocean_custom_header_template":"0","ocean_custom_logo":0,"ocean_custom_retina_logo":0,"ocean_custom_logo_max_width":0,"ocean_custom_logo_tablet_max_width":0,"ocean_custom_logo_mobile_max_width":0,"ocean_custom_logo_max_height":0,"ocean_custom_logo_tablet_max_height":0,"ocean_custom_logo_mobile_max_height":0,"ocean_header_custom_menu":"0","ocean_menu_typo_font_family":"0","ocean_menu_typo_font_subset":"","ocean_menu_typo_font_size":0,"ocean_menu_typo_font_size_tablet":0,"ocean_menu_typo_font_size_mobile":0,"ocean_menu_typo_font_size_unit":"px","ocean_menu_typo_font_weight":"","ocean_menu_typo_font_weight_tablet":"","ocean_menu_typo_font_weight_mobile":"","ocean_menu_typo_transform":"","ocean_menu_typo_transform_tablet":"","ocean_menu_typo_transform_mobile":"","ocean_menu_typo_line_height":0,"ocean_menu_typo_line_height_tablet":0,"ocean_menu_typo_line_height_mobile":0,"ocean_menu_typo_line_height_unit":"","ocean_menu_typo_spacing":0,"ocean_menu_typo_spacing_tablet":0,"ocean_menu_typo_spacing_mobile":0,"ocean_menu_typo_spacing_unit":"","ocean_menu_link_color":"","ocean_menu_link_color_hover":"","ocean_menu_link_color_active":"","ocean_menu_link_background":"","ocean_menu_link_hover_background":"","ocean_menu_link_active_background":"","ocean_menu_social_links_bg":"","ocean_menu_social_hover_links_bg":"","ocean_menu_social_links_color":"","ocean_menu_social_hover_links_color":"","ocean_disable_title":"default","ocean_disable_heading":"default","ocean_post_title":"","ocean_post_subheading":"","ocean_post_title_style":"","ocean_post_title_background_color":"","ocean_post_title_background":0,"ocean_post_title_bg_image_position":"","ocean_post_title_bg_image_attachment":"","ocean_post_title_bg_image_repeat":"","ocean_post_title_bg_image_size":"","ocean_post_title_height":0,"ocean_post_title_bg_overlay":0.5,"ocean_post_title_bg_overlay_color":"","ocean_disable_breadcrumbs":"default","ocean_breadcrumbs_color":"","ocean_breadcrumbs_separator_color":"","ocean_breadcrumbs_links_color":"","ocean_breadcrumbs_links_hover_color":"","ocean_display_footer_widgets":"default","ocean_display_footer_bottom":"default","ocean_custom_footer_template":"0","ocean_post_oembed":"","ocean_post_self_hosted_media":"","ocean_post_video_embed":"","ocean_link_format":"","ocean_link_format_target":"self","ocean_quote_format":"","ocean_quote_format_link":"post","ocean_gallery_link_images":"on","ocean_gallery_id":[],"footnotes":""},"categories":[1,67],"tags":[],"class_list":["post-3560","post","type-post","status-publish","format-standard","has-post-thumbnail","hentry","category-allgemein","category-art-2","entry","has-media","owp-thumbs-layout-horizontal","owp-btn-normal","owp-tabs-layout-horizontal","has-no-thumbnails","has-product-nav"],"yoast_head":"<!-- This site is optimized with the Yoast SEO plugin v27.4 - https:\/\/yoast.com\/product\/yoast-seo-wordpress\/ -->\n<title>atelier grimann melerei ; adam grimann<\/title>\n<meta name=\"description\" content=\"atelier grimann malerei ; hand; bemalte; schuhe; bilder; \u00f6lbilder; zeichnung;\" \/>\n<meta name=\"robots\" content=\"index, follow, max-snippet:-1, max-image-preview:large, max-video-preview:-1\" \/>\n<link rel=\"canonical\" href=\"https:\/\/www.grimann.de\/bbk-owl-die-vernissage\/\" \/>\n<meta property=\"og:locale\" content=\"zh_CN\" \/>\n<meta property=\"og:type\" content=\"article\" \/>\n<meta property=\"og:title\" content=\"atelier grimann melerei ; adam grimann\" \/>\n<meta property=\"og:description\" content=\"atelier grimann malerei ; hand; bemalte; schuhe; bilder; \u00f6lbilder; zeichnung;\" \/>\n<meta property=\"og:url\" content=\"https:\/\/www.grimann.de\/bbk-owl-die-vernissage\/\" \/>\n<meta property=\"og:site_name\" content=\"my gallery\" \/>\n<meta property=\"article:publisher\" content=\"https:\/\/www.facebook.com\/adam.grimann\" \/>\n<meta property=\"article:author\" content=\"https:\/\/www.facebook.com\/adam.grimann\" \/>\n<meta property=\"article:published_time\" content=\"2025-01-28T19:43:21+00:00\" \/>\n<meta property=\"article:modified_time\" content=\"2025-01-28T20:51:22+00:00\" \/>\n<meta property=\"og:image\" content=\"https:\/\/www.grimann.de\/wp-content\/uploads\/2025\/01\/IMG-20250126-WA0017.jpg\" \/>\n\t<meta property=\"og:image:width\" content=\"2048\" \/>\n\t<meta property=\"og:image:height\" content=\"1152\" \/>\n\t<meta property=\"og:image:type\" content=\"image\/jpeg\" \/>\n<meta name=\"author\" content=\"grimann\" \/>\n<meta name=\"twitter:card\" content=\"summary_large_image\" \/>\n<meta name=\"twitter:label1\" content=\"\u4f5c\u8005\" \/>\n\t<meta name=\"twitter:data1\" content=\"grimann\" \/>\n\t<meta name=\"twitter:label2\" content=\"\u9884\u8ba1\u9605\u8bfb\u65f6\u95f4\" \/>\n\t<meta name=\"twitter:data2\" content=\"2 \u5206\" \/>\n<script type=\"application\/ld+json\" class=\"yoast-schema-graph\">{\"@context\":\"https:\\\/\\\/schema.org\",\"@graph\":[{\"@type\":\"Article\",\"@id\":\"https:\\\/\\\/www.grimann.de\\\/bbk-owl-die-vernissage\\\/#article\",\"isPartOf\":{\"@id\":\"https:\\\/\\\/www.grimann.de\\\/bbk-owl-die-vernissage\\\/\"},\"author\":{\"name\":\"grimann\",\"@id\":\"https:\\\/\\\/www.grimann.de\\\/#\\\/schema\\\/person\\\/b85eeb7bb21aee8cb16db5f471df2377\"},\"headline\":\"BBK-OWL, die Vernissage\",\"datePublished\":\"2025-01-28T19:43:21+00:00\",\"dateModified\":\"2025-01-28T20:51:22+00:00\",\"mainEntityOfPage\":{\"@id\":\"https:\\\/\\\/www.grimann.de\\\/bbk-owl-die-vernissage\\\/\"},\"wordCount\":680,\"commentCount\":0,\"publisher\":{\"@id\":\"https:\\\/\\\/www.grimann.de\\\/#\\\/schema\\\/person\\\/b85eeb7bb21aee8cb16db5f471df2377\"},\"image\":{\"@id\":\"https:\\\/\\\/www.grimann.de\\\/bbk-owl-die-vernissage\\\/#primaryimage\"},\"thumbnailUrl\":\"https:\\\/\\\/www.grimann.de\\\/wp-content\\\/uploads\\\/2025\\\/01\\\/IMG-20250126-WA0017.jpg\",\"articleSection\":[\"Allgemein\",\"Art\"],\"inLanguage\":\"zh-Hans\",\"potentialAction\":[{\"@type\":\"CommentAction\",\"name\":\"Comment\",\"target\":[\"https:\\\/\\\/www.grimann.de\\\/bbk-owl-die-vernissage\\\/#respond\"]}]},{\"@type\":\"WebPage\",\"@id\":\"https:\\\/\\\/www.grimann.de\\\/bbk-owl-die-vernissage\\\/\",\"url\":\"https:\\\/\\\/www.grimann.de\\\/bbk-owl-die-vernissage\\\/\",\"name\":\"atelier grimann melerei ; adam grimann\",\"isPartOf\":{\"@id\":\"https:\\\/\\\/www.grimann.de\\\/#website\"},\"primaryImageOfPage\":{\"@id\":\"https:\\\/\\\/www.grimann.de\\\/bbk-owl-die-vernissage\\\/#primaryimage\"},\"image\":{\"@id\":\"https:\\\/\\\/www.grimann.de\\\/bbk-owl-die-vernissage\\\/#primaryimage\"},\"thumbnailUrl\":\"https:\\\/\\\/www.grimann.de\\\/wp-content\\\/uploads\\\/2025\\\/01\\\/IMG-20250126-WA0017.jpg\",\"datePublished\":\"2025-01-28T19:43:21+00:00\",\"dateModified\":\"2025-01-28T20:51:22+00:00\",\"description\":\"atelier grimann malerei ; hand; bemalte; schuhe; bilder; \u00f6lbilder; zeichnung;\",\"breadcrumb\":{\"@id\":\"https:\\\/\\\/www.grimann.de\\\/bbk-owl-die-vernissage\\\/#breadcrumb\"},\"inLanguage\":\"zh-Hans\",\"potentialAction\":[{\"@type\":\"ReadAction\",\"target\":[\"https:\\\/\\\/www.grimann.de\\\/bbk-owl-die-vernissage\\\/\"]}]},{\"@type\":\"ImageObject\",\"inLanguage\":\"zh-Hans\",\"@id\":\"https:\\\/\\\/www.grimann.de\\\/bbk-owl-die-vernissage\\\/#primaryimage\",\"url\":\"https:\\\/\\\/www.grimann.de\\\/wp-content\\\/uploads\\\/2025\\\/01\\\/IMG-20250126-WA0017.jpg\",\"contentUrl\":\"https:\\\/\\\/www.grimann.de\\\/wp-content\\\/uploads\\\/2025\\\/01\\\/IMG-20250126-WA0017.jpg\",\"width\":2048,\"height\":1152},{\"@type\":\"BreadcrumbList\",\"@id\":\"https:\\\/\\\/www.grimann.de\\\/bbk-owl-die-vernissage\\\/#breadcrumb\",\"itemListElement\":[{\"@type\":\"ListItem\",\"position\":1,\"name\":\"Home\",\"item\":\"https:\\\/\\\/www.grimann.de\\\/\"},{\"@type\":\"ListItem\",\"position\":2,\"name\":\"BBK-OWL, die Vernissage\"}]},{\"@type\":\"WebSite\",\"@id\":\"https:\\\/\\\/www.grimann.de\\\/#website\",\"url\":\"https:\\\/\\\/www.grimann.de\\\/\",\"name\":\"my gallery\",\"description\":\"adams art\",\"publisher\":{\"@id\":\"https:\\\/\\\/www.grimann.de\\\/#\\\/schema\\\/person\\\/b85eeb7bb21aee8cb16db5f471df2377\"},\"potentialAction\":[{\"@type\":\"SearchAction\",\"target\":{\"@type\":\"EntryPoint\",\"urlTemplate\":\"https:\\\/\\\/www.grimann.de\\\/?s={search_term_string}\"},\"query-input\":{\"@type\":\"PropertyValueSpecification\",\"valueRequired\":true,\"valueName\":\"search_term_string\"}}],\"inLanguage\":\"zh-Hans\"},{\"@type\":[\"Person\",\"Organization\"],\"@id\":\"https:\\\/\\\/www.grimann.de\\\/#\\\/schema\\\/person\\\/b85eeb7bb21aee8cb16db5f471df2377\",\"name\":\"grimann\",\"image\":{\"@type\":\"ImageObject\",\"inLanguage\":\"zh-Hans\",\"@id\":\"https:\\\/\\\/www.grimann.de\\\/wp-content\\\/uploads\\\/2022\\\/07\\\/signatur1-scaled.jpg\",\"url\":\"https:\\\/\\\/www.grimann.de\\\/wp-content\\\/uploads\\\/2022\\\/07\\\/signatur1-scaled.jpg\",\"contentUrl\":\"https:\\\/\\\/www.grimann.de\\\/wp-content\\\/uploads\\\/2022\\\/07\\\/signatur1-scaled.jpg\",\"width\":2560,\"height\":617,\"caption\":\"grimann\"},\"logo\":{\"@id\":\"https:\\\/\\\/www.grimann.de\\\/wp-content\\\/uploads\\\/2022\\\/07\\\/signatur1-scaled.jpg\"},\"sameAs\":[\"https:\\\/\\\/www.grimann.de\",\"https:\\\/\\\/www.facebook.com\\\/adam.grimann\",\"https:\\\/\\\/www.instagram.com\\\/atelier_grimann\\\/\",\"https:\\\/\\\/www.linkedin.com\\\/in\\\/adam-grimann-4684a661\\\/\"]}]}<\/script>\n<!-- \/ Yoast SEO plugin. -->","yoast_head_json":{"title":"atelier grimann melerei ; adam grimann","description":"atelier grimann malerei ; hand; bemalte; schuhe; bilder; \u00f6lbilder; zeichnung;","robots":{"index":"index","follow":"follow","max-snippet":"max-snippet:-1","max-image-preview":"max-image-preview:large","max-video-preview":"max-video-preview:-1"},"canonical":"https:\/\/www.grimann.de\/bbk-owl-die-vernissage\/","og_locale":"zh_CN","og_type":"article","og_title":"atelier grimann melerei ; adam grimann","og_description":"atelier grimann malerei ; hand; bemalte; schuhe; bilder; \u00f6lbilder; zeichnung;","og_url":"https:\/\/www.grimann.de\/bbk-owl-die-vernissage\/","og_site_name":"my gallery","article_publisher":"https:\/\/www.facebook.com\/adam.grimann","article_author":"https:\/\/www.facebook.com\/adam.grimann","article_published_time":"2025-01-28T19:43:21+00:00","article_modified_time":"2025-01-28T20:51:22+00:00","og_image":[{"width":2048,"height":1152,"url":"https:\/\/www.grimann.de\/wp-content\/uploads\/2025\/01\/IMG-20250126-WA0017.jpg","type":"image\/jpeg"}],"author":"grimann","twitter_card":"summary_large_image","twitter_misc":{"\u4f5c\u8005":"grimann","\u9884\u8ba1\u9605\u8bfb\u65f6\u95f4":"2 \u5206"},"schema":{"@context":"https:\/\/schema.org","@graph":[{"@type":"Article","@id":"https:\/\/www.grimann.de\/bbk-owl-die-vernissage\/#article","isPartOf":{"@id":"https:\/\/www.grimann.de\/bbk-owl-die-vernissage\/"},"author":{"name":"grimann","@id":"https:\/\/www.grimann.de\/#\/schema\/person\/b85eeb7bb21aee8cb16db5f471df2377"},"headline":"BBK-OWL, die Vernissage","datePublished":"2025-01-28T19:43:21+00:00","dateModified":"2025-01-28T20:51:22+00:00","mainEntityOfPage":{"@id":"https:\/\/www.grimann.de\/bbk-owl-die-vernissage\/"},"wordCount":680,"commentCount":0,"publisher":{"@id":"https:\/\/www.grimann.de\/#\/schema\/person\/b85eeb7bb21aee8cb16db5f471df2377"},"image":{"@id":"https:\/\/www.grimann.de\/bbk-owl-die-vernissage\/#primaryimage"},"thumbnailUrl":"https:\/\/www.grimann.de\/wp-content\/uploads\/2025\/01\/IMG-20250126-WA0017.jpg","articleSection":["Allgemein","Art"],"inLanguage":"zh-Hans","potentialAction":[{"@type":"CommentAction","name":"Comment","target":["https:\/\/www.grimann.de\/bbk-owl-die-vernissage\/#respond"]}]},{"@type":"WebPage","@id":"https:\/\/www.grimann.de\/bbk-owl-die-vernissage\/","url":"https:\/\/www.grimann.de\/bbk-owl-die-vernissage\/","name":"atelier grimann melerei ; adam grimann","isPartOf":{"@id":"https:\/\/www.grimann.de\/#website"},"primaryImageOfPage":{"@id":"https:\/\/www.grimann.de\/bbk-owl-die-vernissage\/#primaryimage"},"image":{"@id":"https:\/\/www.grimann.de\/bbk-owl-die-vernissage\/#primaryimage"},"thumbnailUrl":"https:\/\/www.grimann.de\/wp-content\/uploads\/2025\/01\/IMG-20250126-WA0017.jpg","datePublished":"2025-01-28T19:43:21+00:00","dateModified":"2025-01-28T20:51:22+00:00","description":"atelier grimann malerei ; hand; bemalte; schuhe; bilder; \u00f6lbilder; zeichnung;","breadcrumb":{"@id":"https:\/\/www.grimann.de\/bbk-owl-die-vernissage\/#breadcrumb"},"inLanguage":"zh-Hans","potentialAction":[{"@type":"ReadAction","target":["https:\/\/www.grimann.de\/bbk-owl-die-vernissage\/"]}]},{"@type":"ImageObject","inLanguage":"zh-Hans","@id":"https:\/\/www.grimann.de\/bbk-owl-die-vernissage\/#primaryimage","url":"https:\/\/www.grimann.de\/wp-content\/uploads\/2025\/01\/IMG-20250126-WA0017.jpg","contentUrl":"https:\/\/www.grimann.de\/wp-content\/uploads\/2025\/01\/IMG-20250126-WA0017.jpg","width":2048,"height":1152},{"@type":"BreadcrumbList","@id":"https:\/\/www.grimann.de\/bbk-owl-die-vernissage\/#breadcrumb","itemListElement":[{"@type":"ListItem","position":1,"name":"Home","item":"https:\/\/www.grimann.de\/"},{"@type":"ListItem","position":2,"name":"BBK-OWL, die Vernissage"}]},{"@type":"WebSite","@id":"https:\/\/www.grimann.de\/#website","url":"https:\/\/www.grimann.de\/","name":"my gallery","description":"adams art","publisher":{"@id":"https:\/\/www.grimann.de\/#\/schema\/person\/b85eeb7bb21aee8cb16db5f471df2377"},"potentialAction":[{"@type":"SearchAction","target":{"@type":"EntryPoint","urlTemplate":"https:\/\/www.grimann.de\/?s={search_term_string}"},"query-input":{"@type":"PropertyValueSpecification","valueRequired":true,"valueName":"search_term_string"}}],"inLanguage":"zh-Hans"},{"@type":["Person","Organization"],"@id":"https:\/\/www.grimann.de\/#\/schema\/person\/b85eeb7bb21aee8cb16db5f471df2377","name":"grimann","image":{"@type":"ImageObject","inLanguage":"zh-Hans","@id":"https:\/\/www.grimann.de\/wp-content\/uploads\/2022\/07\/signatur1-scaled.jpg","url":"https:\/\/www.grimann.de\/wp-content\/uploads\/2022\/07\/signatur1-scaled.jpg","contentUrl":"https:\/\/www.grimann.de\/wp-content\/uploads\/2022\/07\/signatur1-scaled.jpg","width":2560,"height":617,"caption":"grimann"},"logo":{"@id":"https:\/\/www.grimann.de\/wp-content\/uploads\/2022\/07\/signatur1-scaled.jpg"},"sameAs":["https:\/\/www.grimann.de","https:\/\/www.facebook.com\/adam.grimann","https:\/\/www.instagram.com\/atelier_grimann\/","https:\/\/www.linkedin.com\/in\/adam-grimann-4684a661\/"]}]}},"_links":{"self":[{"href":"https:\/\/www.grimann.de\/zh\/wp-json\/wp\/v2\/posts\/3560","targetHints":{"allow":["GET"]}}],"collection":[{"href":"https:\/\/www.grimann.de\/zh\/wp-json\/wp\/v2\/posts"}],"about":[{"href":"https:\/\/www.grimann.de\/zh\/wp-json\/wp\/v2\/types\/post"}],"author":[{"embeddable":true,"href":"https:\/\/www.grimann.de\/zh\/wp-json\/wp\/v2\/users\/1"}],"replies":[{"embeddable":true,"href":"https:\/\/www.grimann.de\/zh\/wp-json\/wp\/v2\/comments?post=3560"}],"version-history":[{"count":4,"href":"https:\/\/www.grimann.de\/zh\/wp-json\/wp\/v2\/posts\/3560\/revisions"}],"predecessor-version":[{"id":3565,"href":"https:\/\/www.grimann.de\/zh\/wp-json\/wp\/v2\/posts\/3560\/revisions\/3565"}],"wp:featuredmedia":[{"embeddable":true,"href":"https:\/\/www.grimann.de\/zh\/wp-json\/wp\/v2\/media\/3561"}],"wp:attachment":[{"href":"https:\/\/www.grimann.de\/zh\/wp-json\/wp\/v2\/media?parent=3560"}],"wp:term":[{"taxonomy":"category","embeddable":true,"href":"https:\/\/www.grimann.de\/zh\/wp-json\/wp\/v2\/categories?post=3560"},{"taxonomy":"post_tag","embeddable":true,"href":"https:\/\/www.grimann.de\/zh\/wp-json\/wp\/v2\/tags?post=3560"}],"curies":[{"name":"wp","href":"https:\/\/api.w.org\/{rel}","templated":true}]}}